{"id":8315,"date":"2009-08-12T08:47:59","date_gmt":"2009-08-12T12:47:59","guid":{"rendered":"http:\/\/www.redenoticia.com.br\/noticia\/?p=8315"},"modified":"2009-08-14T19:29:11","modified_gmt":"2009-08-14T23:29:11","slug":"hoje-em-dia-em-primeiro-lugar-isolado-com-10-pontos-de-media","status":"publish","type":"post","link":"https:\/\/migracao.redenoticia.com.br\/noticia\/2009\/hoje-em-dia-em-primeiro-lugar-isolado-com-10-pontos-de-media\/8315","title":{"rendered":"Hoje em Dia em primeiro lugar isolado com 10 pontos de m\u00e9dia"},"content":{"rendered":"<p><a href=\"https:\/\/migracao.redenoticia.com.br\/noticia\/imagens\/\/hojedia.jpg\"><img loading=\"lazy\" decoding=\"async\" class=\"alignleft size-medium wp-image-8316\" title=\"hojedia\" src=\"https:\/\/migracao.redenoticia.com.br\/noticia\/imagens\/\/hojedia-249x187.jpg\" alt=\"hojedia\" width=\"249\" height=\"187\" \/><\/a>O programa Hoje em Dia abriu a semana garantindo a lideran\u00e7a absoluta na m\u00e9dia de audi\u00eancia. Na faixa das 9h29 \u00e0s 13h16, a atra\u00e7\u00e3o apresentada por Ana Hickmann, Celso Zucatelli, Chris Flores e Eduardo Guedes registrou 10 pontos de m\u00e9dia, pico de 12 e share de 29%. Destaque para a participa\u00e7\u00e3o de Danielle Souza, a 10\u00aa eliminada do programa A Fazenda. Na mesma faixa de exibi\u00e7\u00e3o a concorrente registrou 8 pontos de m\u00e9dia.<\/p>\n<p>Record Not\u00edcias registra 9 pontos e conquista o segundo lugar. Comandado pela jornalista Luciana Liviero, o jornal\u00edstico exibido na tarde da \u00faltima segunda-feira (10\/08) novamente conquistou o segundo lugar no ranking de audi\u00eancias. No hor\u00e1rio em que foi ao ar, das 13h16 \u00e0s 14h40, o Record Not\u00edcias marcou 7 pontos de m\u00e9dia, 19% de share e 9 pontos de pico.<\/p>\n<p>Geraldo Brasil em segundo lugar isolado. Na tarde desta segunda-feira, o programa Geraldo Luis garantiu a vice-lideran\u00e7a isolada na m\u00e9dia de audi\u00eancia. Na faixa das 16h04 \u00e0s 18h00, a atra\u00e7\u00e3o apresentada por Geraldo Luis registrou 5 pontos de m\u00e9dia, 6 de pico e share de 11%.<\/p>\n<p>SP Record novamente em segundo lugar isolado. O telejornal exibido na tarde desta segunda-feira (10\/08) alcan\u00e7ou o segundo lugar isolado no ranking de audi\u00eancias. No hor\u00e1rio em que foi ao ar, das 18h \u00e0s 19h45, o telejornal apresentado pelo jornalista Reinaldo Gottino registrou 7 pontos de m\u00e9dia, 11% de share e 9 pontos de pico.<\/p>\n<p>Poder Paralelo com 11 pontos de m\u00e9dia. Na noite desta segunda-feira (10\/08), o cap\u00edtulo de Poder Paralelo ficou com a vice-lideran\u00e7a isolada de audi\u00eancia. Na faixa das 22h \u00e0s 23h02, a trama marcou 11 pontos de m\u00e9dia, pico de 13 e share de 18%. A novela \u00e9 escrita por Lauro Cesar Muniz e dirigida por Ign\u00e1cio Coqueiro.<\/p>\n<p>Bela, a Feia em segundo lugar isolado de audi\u00eancia. Na noite desta segunda-feira (10\/08), o cap\u00edtulo de Bela, a Feia garantiu o segundo lugar isolado no ranking de audi\u00eancia. Exibida na faixa das 20h25 \u00e0s 21h20, a trama, escrita por Gisele Joras e dirigida por Edson Spinello, marcou 9 pontos de m\u00e9dia, pico de 10 e share de 13%.<\/p>\n<p>A Fazenda consolida boa audi\u00eancia. Nesta segunda-feira, o reality show A Fazenda registrou boa audi\u00eancia com 11 pontos de m\u00e9dia, pico de 14 e share de 15%, resultado que garantiu o segundo lugar isolado em sua faixa de exibi\u00e7\u00e3o, das 21h20 \u00e0s 22h. O segundo boletim de A Fazenda tamb\u00e9m garantiu dois d\u00edgitos de audi\u00eancia e ficou no segundo lugar isolado, com 11 pontos de m\u00e9dia, pico de 14 e share de 21%, na faixa das 23h02 \u00e0s 23h33.<\/p>\n","protected":false},"excerpt":{"rendered":"<p>O programa Hoje em Dia abriu a semana garantindo a lideran\u00e7a absoluta na m\u00e9dia de audi\u00eancia. Na faixa das 9h29 \u00e0s 13h16, a atra\u00e7\u00e3o apresentada por Ana Hickmann, Celso Zucatelli, Chris Flores e Eduardo Guedes registrou 10 pontos de m\u00e9dia, pico de 12 e share de 29%. Destaque para a participa\u00e7\u00e3o de Danielle Souza, a [&hellip;]<\/p>\n","protected":false},"author":3,"featured_media":0,"comment_status":"open","ping_status":"open","sticky":false,"template":"","format":"standard","meta":{"tdm_status":"","tdm_grid_status":"","footnotes":""},"categories":[22,343],"tags":[],"class_list":{"0":"post-8315","1":"post","2":"type-post","3":"status-publish","4":"format-standard","6":"category-brasil","7":"category-televisao"},"_links":{"self":[{"href":"https:\/\/migracao.redenoticia.com.br\/noticia\/wp-json\/wp\/v2\/posts\/8315","targetHints":{"allow":["GET"]}}],"collection":[{"href":"https:\/\/migracao.redenoticia.com.br\/noticia\/wp-json\/wp\/v2\/posts"}],"about":[{"href":"https:\/\/migracao.redenoticia.com.br\/noticia\/wp-json\/wp\/v2\/types\/post"}],"author":[{"embeddable":true,"href":"https:\/\/migracao.redenoticia.com.br\/noticia\/wp-json\/wp\/v2\/users\/3"}],"replies":[{"embeddable":true,"href":"https:\/\/migracao.redenoticia.com.br\/noticia\/wp-json\/wp\/v2\/comments?post=8315"}],"version-history":[{"count":0,"href":"https:\/\/migracao.redenoticia.com.br\/noticia\/wp-json\/wp\/v2\/posts\/8315\/revisions"}],"wp:attachment":[{"href":"https:\/\/migracao.redenoticia.com.br\/noticia\/wp-json\/wp\/v2\/media?parent=8315"}],"wp:term":[{"taxonomy":"category","embeddable":true,"href":"https:\/\/migracao.redenoticia.com.br\/noticia\/wp-json\/wp\/v2\/categories?post=8315"},{"taxonomy":"post_tag","embeddable":true,"href":"https:\/\/migracao.redenoticia.com.br\/noticia\/wp-json\/wp\/v2\/tags?post=8315"}],"curies":[{"name":"wp","href":"https:\/\/api.w.org\/{rel}","templated":true}]}}