{"id":83154,"date":"2016-03-27T18:19:51","date_gmt":"2016-03-27T21:19:51","guid":{"rendered":"http:\/\/www.redenoticia.com.br\/noticia\/?p=83154"},"modified":"2016-03-27T18:19:51","modified_gmt":"2016-03-27T21:19:51","slug":"novela-anjo-mau-resumo-2803-rodrigo-ve-nice-deslumbrada-com-a-casa","status":"publish","type":"post","link":"https:\/\/migracao.redenoticia.com.br\/noticia\/2016\/novela-anjo-mau-resumo-2803-rodrigo-ve-nice-deslumbrada-com-a-casa\/83154","title":{"rendered":"Novela \u201cAnjo Mau\u201d resumo 28\/03: Rodrigo v\u00ea Nice deslumbrada com a casa"},"content":{"rendered":"<p> <img loading=\"lazy\" decoding=\"async\" class=\"alignleft size-thumbnail wp-image-83094\" src=\"https:\/\/migracao.redenoticia.com.br\/noticia\/imagens\/anjo_mau_novela_resumo-150x112.jpg\" alt=\"anjo_mau_novela_resumo\" width=\"150\" height=\"112\" srcset=\"https:\/\/migracao.redenoticia.com.br\/noticia\/imagens\/anjo_mau_novela_resumo-150x112.jpg 150w, https:\/\/migracao.redenoticia.com.br\/noticia\/imagens\/anjo_mau_novela_resumo-265x198.jpg 265w\" sizes=\"auto, (max-width: 150px) 100vw, 150px\" \/><strong><em>Novela \u201cAnjo Mau\u201d resumo 28\/03<\/em><\/strong>: come\u00e7a a saga de Nice, uma mulher ambiciosa que vai tentar de todas as maneiras conquistar o cora\u00e7\u00e3o de um milion\u00e1rio. Nice trabalha na f\u00e1brica da fam\u00edlia de Rodrigo. Em uma visita do patr\u00e3o a f\u00e1brica, Nice o encontra e p\u00e1ra de trabalhar. Ela acaba sendo demitida. Augusto, o pai de Nice, \u00e9 motorista da fam\u00edlia Medeiros. Como Stela dispensou a bab\u00e1 de seu filho, Augusto prop\u00f5e a Nice que ela trabalhe como bab\u00e1 na mans\u00e3o dos Medeiros. A jovem ambiciosa consegue o novo emprego e Rodrigo a v\u00ea deslumbrada com a casa.<\/p>\n<p>No capitulo 001 (*), novela \u201cAnjo Mau\u201d, segunda-feira, 28 de mar\u00e7o \u2013 Rodrigo chega \u00e0 f\u00e1brica. Nice, uma das funcion\u00e1rias, fica encantada ao ver o patr\u00e3o e p\u00e1ra de trabalhar. Stela salva seu filho, o beb\u00ea T\u00e9o, de cair na piscina e demite a bab\u00e1.<\/p>\n<p>Nice \u00e9 demitida. Rodrigo pressiona Paula para marcar a data do casamento. Depois que ele sai, Ricardo aparece e a beija. Alzira destrata Nice.<\/p>\n<p>Augusto prop\u00f5e a Nice que ela trabalhe como bab\u00e1 na mans\u00e3o dos Medeiros. Nice dispensa a candidata a bab\u00e1 e assume o emprego. Rodrigo v\u00ea Nice deslumbrada com a casa.<\/p>\n<p>(*) edi\u00e7\u00e3o da Rede Globo, Novela \u201cAnjo Mau\u201d, sujeito a altera\u00e7\u00e3o de data e conte\u00fado.<\/p>\n","protected":false},"excerpt":{"rendered":"<p>Novela \u201cAnjo Mau\u201d resumo 28\/03: come\u00e7a a saga de Nice, uma mulher ambiciosa que vai tentar de todas as maneiras conquistar o cora\u00e7\u00e3o de um milion\u00e1rio. Nice trabalha na f\u00e1brica da fam\u00edlia de Rodrigo. Em uma visita do patr\u00e3o a f\u00e1brica, Nice o encontra e p\u00e1ra de trabalhar. Ela acaba sendo demitida. Augusto, o pai [&hellip;]<\/p>\n","protected":false},"author":2,"featured_media":83094,"comment_status":"open","ping_status":"closed","sticky":false,"template":"","format":"standard","meta":{"tdm_status":"","tdm_grid_status":"","footnotes":""},"categories":[379,375,343],"tags":[],"class_list":{"0":"post-83154","1":"post","2":"type-post","3":"status-publish","4":"format-standard","5":"has-post-thumbnail","7":"category-novelas","8":"category-rede-globo","9":"category-televisao"},"_links":{"self":[{"href":"https:\/\/migracao.redenoticia.com.br\/noticia\/wp-json\/wp\/v2\/posts\/83154","targetHints":{"allow":["GET"]}}],"collection":[{"href":"https:\/\/migracao.redenoticia.com.br\/noticia\/wp-json\/wp\/v2\/posts"}],"about":[{"href":"https:\/\/migracao.redenoticia.com.br\/noticia\/wp-json\/wp\/v2\/types\/post"}],"author":[{"embeddable":true,"href":"https:\/\/migracao.redenoticia.com.br\/noticia\/wp-json\/wp\/v2\/users\/2"}],"replies":[{"embeddable":true,"href":"https:\/\/migracao.redenoticia.com.br\/noticia\/wp-json\/wp\/v2\/comments?post=83154"}],"version-history":[{"count":0,"href":"https:\/\/migracao.redenoticia.com.br\/noticia\/wp-json\/wp\/v2\/posts\/83154\/revisions"}],"wp:featuredmedia":[{"embeddable":true,"href":"https:\/\/migracao.redenoticia.com.br\/noticia\/wp-json\/wp\/v2\/media\/83094"}],"wp:attachment":[{"href":"https:\/\/migracao.redenoticia.com.br\/noticia\/wp-json\/wp\/v2\/media?parent=83154"}],"wp:term":[{"taxonomy":"category","embeddable":true,"href":"https:\/\/migracao.redenoticia.com.br\/noticia\/wp-json\/wp\/v2\/categories?post=83154"},{"taxonomy":"post_tag","embeddable":true,"href":"https:\/\/migracao.redenoticia.com.br\/noticia\/wp-json\/wp\/v2\/tags?post=83154"}],"curies":[{"name":"wp","href":"https:\/\/api.w.org\/{rel}","templated":true}]}}