{"id":83160,"date":"2016-03-27T18:24:16","date_gmt":"2016-03-27T21:24:16","guid":{"rendered":"http:\/\/www.redenoticia.com.br\/noticia\/?p=83160"},"modified":"2016-03-27T18:24:16","modified_gmt":"2016-03-27T21:24:16","slug":"novela-eta-mundo-bom-resumo-2803-pancracio-se-preocupa-com-candinho","status":"publish","type":"post","link":"https:\/\/migracao.redenoticia.com.br\/noticia\/2016\/novela-eta-mundo-bom-resumo-2803-pancracio-se-preocupa-com-candinho\/83160","title":{"rendered":"Novela \u201cEta Mundo Bom\u201d resumo 28\/03: Pancr\u00e1cio se preocupa com Candinho"},"content":{"rendered":"<p> <img loading=\"lazy\" decoding=\"async\" class=\"alignleft size-thumbnail wp-image-82131\" src=\"https:\/\/migracao.redenoticia.com.br\/noticia\/imagens\/eta_mundo_bom_globo_novela_resumo-150x112.jpg\" alt=\"eta_mundo_bom_globo_novela_resumo\" width=\"150\" height=\"112\" srcset=\"https:\/\/migracao.redenoticia.com.br\/noticia\/imagens\/eta_mundo_bom_globo_novela_resumo-150x112.jpg 150w, https:\/\/migracao.redenoticia.com.br\/noticia\/imagens\/eta_mundo_bom_globo_novela_resumo-265x198.jpg 265w\" sizes=\"auto, (max-width: 150px) 100vw, 150px\" \/><strong><em>Novela \u201cEta Mundo Bom\u201d resumo 28\/03<\/em><\/strong>: ap\u00f3s se passar por Candinho e conseguir enganar Anast\u00e1cia, Ernesto passa a ter vida de rico e n\u00e3o precisa mais do dinheiro de Filomena. Sendo assim, ele a dispensa. Fragoso comemora a not\u00edcia de que Ernesto dispensou Filomena. Candinho a procura e prop\u00f5e casamento. Filomena aceita se casar com Candinho. Por causa de Filomena, Pancr\u00e1cio se preocupa com Candinho e resolve procur\u00e1-la. Ele quer que ela prove o seu amor por Candinho.<\/p>\n<p>No capitulo 061 (*), novela \u201cEta Mundo Bom\u201d, segunda-feira, 28 de mar\u00e7o \u2013 Sandra e Celso despistam Anast\u00e1cia, que n\u00e3o se d\u00e1 conta da presen\u00e7a de Ernesto no quarto da sobrinha. Filomena aceita se casar com Candinho. Fragoso comemora a not\u00edcia de que Ernesto dispensou Filomena.<\/p>\n<p>Paulina avisa a Romeu que Josias deseja encontr\u00e1-lo. Mafalda garante a Z\u00e9 dos Porcos que romper\u00e1 seu noivado com Romeu. Josias convence Romeu a voltar \u00e0 fazenda.<\/p>\n<p>Pancr\u00e1cio se preocupa com Candinho por causa de Filomena. Severo revela a Braz que decidiu se casar. Carlota e Eug\u00eanio conhecem Ana, filha de Maria. Pancr\u00e1cio procura Filomena.<\/p>\n<p>(*) edi\u00e7\u00e3o da Rede Globo, Novela \u201cEta Mundo Bom\u201d, sujeito a altera\u00e7\u00e3o de data e conte\u00fado. <\/p>\n","protected":false},"excerpt":{"rendered":"<p>Novela \u201cEta Mundo Bom\u201d resumo 28\/03: ap\u00f3s se passar por Candinho e conseguir enganar Anast\u00e1cia, Ernesto passa a ter vida de rico e n\u00e3o precisa mais do dinheiro de Filomena. Sendo assim, ele a dispensa. Fragoso comemora a not\u00edcia de que Ernesto dispensou Filomena. Candinho a procura e prop\u00f5e casamento. Filomena aceita se casar com [&hellip;]<\/p>\n","protected":false},"author":2,"featured_media":82131,"comment_status":"open","ping_status":"closed","sticky":false,"template":"","format":"standard","meta":{"tdm_status":"","tdm_grid_status":"","footnotes":""},"categories":[379,375,343],"tags":[],"class_list":{"0":"post-83160","1":"post","2":"type-post","3":"status-publish","4":"format-standard","5":"has-post-thumbnail","7":"category-novelas","8":"category-rede-globo","9":"category-televisao"},"_links":{"self":[{"href":"https:\/\/migracao.redenoticia.com.br\/noticia\/wp-json\/wp\/v2\/posts\/83160","targetHints":{"allow":["GET"]}}],"collection":[{"href":"https:\/\/migracao.redenoticia.com.br\/noticia\/wp-json\/wp\/v2\/posts"}],"about":[{"href":"https:\/\/migracao.redenoticia.com.br\/noticia\/wp-json\/wp\/v2\/types\/post"}],"author":[{"embeddable":true,"href":"https:\/\/migracao.redenoticia.com.br\/noticia\/wp-json\/wp\/v2\/users\/2"}],"replies":[{"embeddable":true,"href":"https:\/\/migracao.redenoticia.com.br\/noticia\/wp-json\/wp\/v2\/comments?post=83160"}],"version-history":[{"count":0,"href":"https:\/\/migracao.redenoticia.com.br\/noticia\/wp-json\/wp\/v2\/posts\/83160\/revisions"}],"wp:featuredmedia":[{"embeddable":true,"href":"https:\/\/migracao.redenoticia.com.br\/noticia\/wp-json\/wp\/v2\/media\/82131"}],"wp:attachment":[{"href":"https:\/\/migracao.redenoticia.com.br\/noticia\/wp-json\/wp\/v2\/media?parent=83160"}],"wp:term":[{"taxonomy":"category","embeddable":true,"href":"https:\/\/migracao.redenoticia.com.br\/noticia\/wp-json\/wp\/v2\/categories?post=83160"},{"taxonomy":"post_tag","embeddable":true,"href":"https:\/\/migracao.redenoticia.com.br\/noticia\/wp-json\/wp\/v2\/tags?post=83160"}],"curies":[{"name":"wp","href":"https:\/\/api.w.org\/{rel}","templated":true}]}}