{"id":83162,"date":"2016-03-27T18:25:57","date_gmt":"2016-03-27T21:25:57","guid":{"rendered":"http:\/\/www.redenoticia.com.br\/noticia\/?p=83162"},"modified":"2016-03-27T18:25:57","modified_gmt":"2016-03-27T21:25:57","slug":"novela-totalmente-demais-resumo-2803-germano-rasga-os-papeis-do-divorcio","status":"publish","type":"post","link":"https:\/\/migracao.redenoticia.com.br\/noticia\/2016\/novela-totalmente-demais-resumo-2803-germano-rasga-os-papeis-do-divorcio\/83162","title":{"rendered":"Novela \u201cTotalmente Demais\u201d resumo 28\/03: Germano rasga os pap\u00e9is do div\u00f3rcio"},"content":{"rendered":"<p> <strong><em><img loading=\"lazy\" decoding=\"async\" class=\"alignleft size-thumbnail wp-image-76581\" src=\"https:\/\/migracao.redenoticia.com.br\/noticia\/imagens\/totalmente_demais_novela_resumo_globo-150x112.jpg\" alt=\"totalmente_demais_novela_resumo_globo\" width=\"150\" height=\"112\" srcset=\"https:\/\/migracao.redenoticia.com.br\/noticia\/imagens\/totalmente_demais_novela_resumo_globo-150x112.jpg 150w, https:\/\/migracao.redenoticia.com.br\/noticia\/imagens\/totalmente_demais_novela_resumo_globo-265x198.jpg 265w\" sizes=\"auto, (max-width: 150px) 100vw, 150px\" \/>Novela \u201cTotalmente Demais\u201d resumo 28\/03<\/em><\/strong>: Germano recebe a documenta\u00e7\u00e3o do seu div\u00f3rcio e rasga os pap\u00e9is. Ele avisa a Z\u00e9 Pedro que n\u00e3o aceita se separar de Lili. Irritado, Germano procura Arthur e o avisa para n\u00e3o magoar sua filha Eliza. Como Eliza n\u00e3o sabe nada sobre a aposta que Arthur e Carolina fizeram, ela o questiona o porqu\u00ea da ex-diretora da revista estar trabalhando com ele na Excalibur. Arthur n\u00e3o vai conseguir esconder a verdade de Eliza por muito tempo porque Carolina n\u00e3o vai deixar passar a oportunidade de prejudic\u00e1-lo.<\/p>\n<p>No capitulo 121 (*), novela \u201cTotalmente Demais\u201d, segunda-feira, 28 de mar\u00e7o \u2013 Arthur convence Carolina a n\u00e3o revelar a aposta para Eliza. Germano rasga os pap\u00e9is do div\u00f3rcio e afirma a Z\u00e9 Pedro que n\u00e3o aceita se separar de Lili.<\/p>\n<p>Wesley se desespera ao descobrir que n\u00e3o poder\u00e1 mais andar. Carolina evita encontrar com Lorena e Arthur. Germano avisa a Arthur para ter cuidado com Eliza e n\u00e3o mago\u00e1-la.<\/p>\n<p>Eliza pergunta a Arthur por que Carolina foi trabalhar na Excalibur.<\/p>\n<p>(*) edi\u00e7\u00e3o da Rede Globo, Novela \u201cTotalmente Demais\u201d, sujeito a altera\u00e7\u00e3o de data e conte\u00fado.<\/p>\n","protected":false},"excerpt":{"rendered":"<p>Novela \u201cTotalmente Demais\u201d resumo 28\/03: Germano recebe a documenta\u00e7\u00e3o do seu div\u00f3rcio e rasga os pap\u00e9is. Ele avisa a Z\u00e9 Pedro que n\u00e3o aceita se separar de Lili. Irritado, Germano procura Arthur e o avisa para n\u00e3o magoar sua filha Eliza. Como Eliza n\u00e3o sabe nada sobre a aposta que Arthur e Carolina fizeram, ela [&hellip;]<\/p>\n","protected":false},"author":2,"featured_media":76581,"comment_status":"open","ping_status":"closed","sticky":false,"template":"","format":"standard","meta":{"tdm_status":"","tdm_grid_status":"","footnotes":""},"categories":[379,375,343],"tags":[],"class_list":{"0":"post-83162","1":"post","2":"type-post","3":"status-publish","4":"format-standard","5":"has-post-thumbnail","7":"category-novelas","8":"category-rede-globo","9":"category-televisao"},"_links":{"self":[{"href":"https:\/\/migracao.redenoticia.com.br\/noticia\/wp-json\/wp\/v2\/posts\/83162","targetHints":{"allow":["GET"]}}],"collection":[{"href":"https:\/\/migracao.redenoticia.com.br\/noticia\/wp-json\/wp\/v2\/posts"}],"about":[{"href":"https:\/\/migracao.redenoticia.com.br\/noticia\/wp-json\/wp\/v2\/types\/post"}],"author":[{"embeddable":true,"href":"https:\/\/migracao.redenoticia.com.br\/noticia\/wp-json\/wp\/v2\/users\/2"}],"replies":[{"embeddable":true,"href":"https:\/\/migracao.redenoticia.com.br\/noticia\/wp-json\/wp\/v2\/comments?post=83162"}],"version-history":[{"count":0,"href":"https:\/\/migracao.redenoticia.com.br\/noticia\/wp-json\/wp\/v2\/posts\/83162\/revisions"}],"wp:featuredmedia":[{"embeddable":true,"href":"https:\/\/migracao.redenoticia.com.br\/noticia\/wp-json\/wp\/v2\/media\/76581"}],"wp:attachment":[{"href":"https:\/\/migracao.redenoticia.com.br\/noticia\/wp-json\/wp\/v2\/media?parent=83162"}],"wp:term":[{"taxonomy":"category","embeddable":true,"href":"https:\/\/migracao.redenoticia.com.br\/noticia\/wp-json\/wp\/v2\/categories?post=83162"},{"taxonomy":"post_tag","embeddable":true,"href":"https:\/\/migracao.redenoticia.com.br\/noticia\/wp-json\/wp\/v2\/tags?post=83162"}],"curies":[{"name":"wp","href":"https:\/\/api.w.org\/{rel}","templated":true}]}}