{"id":83181,"date":"2016-03-28T17:57:15","date_gmt":"2016-03-28T20:57:15","guid":{"rendered":"http:\/\/www.redenoticia.com.br\/noticia\/?p=83181"},"modified":"2016-03-28T17:57:15","modified_gmt":"2016-03-28T20:57:15","slug":"novela-velho-chico-resumo-2903-cicero-sente-ciume-de-tereza-e-santo","status":"publish","type":"post","link":"https:\/\/migracao.redenoticia.com.br\/noticia\/2016\/novela-velho-chico-resumo-2903-cicero-sente-ciume-de-tereza-e-santo\/83181","title":{"rendered":"Novela \u201cVelho Chico\u201d resumo 29\/03: C\u00edcero sente ci\u00fame de Tereza e Santo"},"content":{"rendered":"<p> <img loading=\"lazy\" decoding=\"async\" class=\"alignleft size-thumbnail wp-image-82169\" src=\"https:\/\/migracao.redenoticia.com.br\/noticia\/imagens\/velho_chico_novela_resumo_globo-150x112.jpg\" alt=\"velho_chico_novela_resumo_globo\" width=\"150\" height=\"112\" srcset=\"https:\/\/migracao.redenoticia.com.br\/noticia\/imagens\/velho_chico_novela_resumo_globo-150x112.jpg 150w, https:\/\/migracao.redenoticia.com.br\/noticia\/imagens\/velho_chico_novela_resumo_globo-265x198.jpg 265w\" sizes=\"auto, (max-width: 150px) 100vw, 150px\" \/><strong><em>Novela \u201cVelho Chico\u201d resumo 29\/03<\/em><\/strong>: Tereza e Santo participam da prociss\u00e3o como Nossa Senhora e S\u00e3o Jos\u00e9, respectivamente. Essa situa\u00e7\u00e3o acaba em confus\u00e3o na prociss\u00e3o, com Afr\u00e2nio e Belmiro se enfrentando. Enquanto os pais brigam, Tereza e Santo pulam no rio e h\u00e1 uma passagem de oito anos. Tereza e Santo est\u00e3o cada vez mais pr\u00f3ximos e isso causa ci\u00fame em C\u00edcero, que \u00e9 apaixonado por Teresa desde crian\u00e7a.  <\/p>\n<p>No capitulo 014 (*), novela \u201cVelho Chico\u201d, ter\u00e7a-feira, 29 de mar\u00e7o \u2013 Afr\u00e2nio e Belmiro se enfrentam. Santo e Tereza pulam no rio. H\u00e1 uma passagem de tempo. Santo e Tereza namoram sem que ningu\u00e9m veja. <\/p>\n<p>C\u00edcero se irrita ao ver Tereza voltar do passeio. Santo \u00e9 rude com Luzia. Doninha percebe a irrita\u00e7\u00e3o de C\u00edcero e pede para Clemente conversar com o filho. Tereza confessa a Doninha que gosta de Santo. <\/p>\n<p>Bento procura pelo irm\u00e3o, Santo, na fazenda. Afr\u00e2nio manda C\u00edcero procurar a filha pela fazenda.<\/p>\n<p>(*) edi\u00e7\u00e3o da Rede Globo, Novela \u201cVelho Chico\u201d, sujeito a altera\u00e7\u00e3o de data e conte\u00fado. <\/p>\n","protected":false},"excerpt":{"rendered":"<p>Novela \u201cVelho Chico\u201d resumo 29\/03: Tereza e Santo participam da prociss\u00e3o como Nossa Senhora e S\u00e3o Jos\u00e9, respectivamente. Essa situa\u00e7\u00e3o acaba em confus\u00e3o na prociss\u00e3o, com Afr\u00e2nio e Belmiro se enfrentando. Enquanto os pais brigam, Tereza e Santo pulam no rio e h\u00e1 uma passagem de oito anos. Tereza e Santo est\u00e3o cada vez mais [&hellip;]<\/p>\n","protected":false},"author":2,"featured_media":82169,"comment_status":"open","ping_status":"closed","sticky":false,"template":"","format":"standard","meta":{"tdm_status":"","tdm_grid_status":"","footnotes":""},"categories":[379,375,343],"tags":[],"class_list":{"0":"post-83181","1":"post","2":"type-post","3":"status-publish","4":"format-standard","5":"has-post-thumbnail","7":"category-novelas","8":"category-rede-globo","9":"category-televisao"},"_links":{"self":[{"href":"https:\/\/migracao.redenoticia.com.br\/noticia\/wp-json\/wp\/v2\/posts\/83181","targetHints":{"allow":["GET"]}}],"collection":[{"href":"https:\/\/migracao.redenoticia.com.br\/noticia\/wp-json\/wp\/v2\/posts"}],"about":[{"href":"https:\/\/migracao.redenoticia.com.br\/noticia\/wp-json\/wp\/v2\/types\/post"}],"author":[{"embeddable":true,"href":"https:\/\/migracao.redenoticia.com.br\/noticia\/wp-json\/wp\/v2\/users\/2"}],"replies":[{"embeddable":true,"href":"https:\/\/migracao.redenoticia.com.br\/noticia\/wp-json\/wp\/v2\/comments?post=83181"}],"version-history":[{"count":0,"href":"https:\/\/migracao.redenoticia.com.br\/noticia\/wp-json\/wp\/v2\/posts\/83181\/revisions"}],"wp:featuredmedia":[{"embeddable":true,"href":"https:\/\/migracao.redenoticia.com.br\/noticia\/wp-json\/wp\/v2\/media\/82169"}],"wp:attachment":[{"href":"https:\/\/migracao.redenoticia.com.br\/noticia\/wp-json\/wp\/v2\/media?parent=83181"}],"wp:term":[{"taxonomy":"category","embeddable":true,"href":"https:\/\/migracao.redenoticia.com.br\/noticia\/wp-json\/wp\/v2\/categories?post=83181"},{"taxonomy":"post_tag","embeddable":true,"href":"https:\/\/migracao.redenoticia.com.br\/noticia\/wp-json\/wp\/v2\/tags?post=83181"}],"curies":[{"name":"wp","href":"https:\/\/api.w.org\/{rel}","templated":true}]}}