{"id":83191,"date":"2016-03-28T17:34:36","date_gmt":"2016-03-28T20:34:36","guid":{"rendered":"http:\/\/www.redenoticia.com.br\/noticia\/?p=83191"},"modified":"2016-03-28T17:34:36","modified_gmt":"2016-03-28T20:34:36","slug":"novela-a-mentira-resumo-2803-virginia-planeja-se-casar-com-joao","status":"publish","type":"post","link":"https:\/\/migracao.redenoticia.com.br\/noticia\/2016\/novela-a-mentira-resumo-2803-virginia-planeja-se-casar-com-joao\/83191","title":{"rendered":"Novela \u201cA Mentira\u201d resumo 28\/03: Virginia planeja se casar com Jo\u00e3o"},"content":{"rendered":"<p> <img loading=\"lazy\" decoding=\"async\" class=\"alignleft size-thumbnail wp-image-83096\" src=\"https:\/\/migracao.redenoticia.com.br\/noticia\/imagens\/a_mentira_sbt_resumo_novela-150x112.jpg\" alt=\"a_mentira_sbt_resumo_novela\" width=\"150\" height=\"112\" srcset=\"https:\/\/migracao.redenoticia.com.br\/noticia\/imagens\/a_mentira_sbt_resumo_novela-150x112.jpg 150w, https:\/\/migracao.redenoticia.com.br\/noticia\/imagens\/a_mentira_sbt_resumo_novela-265x198.jpg 265w\" sizes=\"auto, (max-width: 150px) 100vw, 150px\" \/><strong><em>Novela \u201cA Mentira\u201d resumo 28\/03: <\/em><\/strong> Ricardo se mata e Dem\u00e9trio \u00e9 o seu \u00fanico herdeiro. Ao chegar na fazenda, Dem\u00e9trio recebe a terr\u00edvel not\u00edcia de que seu irm\u00e3o, desprezado pela noiva, acabou com a vida. Dem\u00e9trio jura se vingar da mulher que causou a morte do seu jovem irm\u00e3o e de quem sabe apenas que o nome come\u00e7a com a letra V. Virg\u00ednia \u00e9 uma jovem hip\u00f3crita e ambiciosa, que na realidade nunca amou Ricardo. Ela terminou o noivado com o irm\u00e3o de Dem\u00e9trio quando soube da volta de Jo\u00e3o, que terminou seus estudos na Europa. Ela planeja se casar com ele por causa de sua fortuna e posi\u00e7\u00e3o social.<\/p>\n<p>No capitulo 002(*), novela \u201cA Mentira\u201d, ter\u00e7a-feira, 29 de mar\u00e7o \u2013 Padre William se encarrega de dar a not\u00edcia a Dem\u00e9trio. Jo\u00e3o simpatiza com Ver\u00f4nica e ela fica encantanda com ele. O padre William previne Dem\u00e9trio contra o Dr. Francisco Moguel. Dem\u00e9trio \u00e9 o \u00fanico herdeiro do seu irm\u00e3o. Ele l\u00ea a carta que levou seu irm\u00e3o a se suicidar mas n\u00e3o sabe de quem se trata, pois a carta est\u00e1 assinada apenas com a letra \u201cV\u201d. <\/p>\n<p>(*) edi\u00e7\u00e3o do SBT, Novela \u201cA Mentira\u201d, sujeito a altera\u00e7\u00e3o de data e conte\u00fado.<\/p>\n<p>SINOPSE:<\/p>\n<p>A hist\u00f3ria come\u00e7a com a tr\u00e1gica morte de um jovem chamado Ricardo (Rodrigo Abed). Iludido pelo amor que sentia por Virg\u00ednia (Karla \u00c1lvarez), Ricardo decide reativar sua antiga fazenda produtora de tequila para fazer fortuna e assim poder se casar com ela. Virg\u00ednia e Ver\u00f4nica (Kate Del Castillo) s\u00e3o as filhas adotivas de Teodoro (Eric Del Castillo) e Sara (Rosa Mar\u00eda Bianchi), um pr\u00f3spero casal que pertence \u00e0 alta sociedade. Os Fernandez Negrete t\u00eam um filho chamado Jo\u00e3o (Sergio Basa\u00f1ez), o rapaz est\u00e1 terminando seus estudos na Europa e logo estar\u00e1 de volta ao lar.<\/p>\n<p>Na viagem de volta Jo\u00e3o conhece Dem\u00e9trio (Guy Ecker), que est\u00e1 voltando para visitar seu irm\u00e3o Ricardo. Em suas cartas Ricardo comentou sobre a prosperidade da fazenda e do seu casamento com a mulher dos seus sonhos. Mas, ao chegar na fazenda Dem\u00e9trio recebe a terr\u00edvel not\u00edcia de que seu irm\u00e3o, desprezado pela noiva, acabou com a vida. Dem\u00e9trio jura se vingar da mulher que causou a morte do seu jovem irm\u00e3o e de quem sabe apenas que o nome come\u00e7a com a letra V. Virg\u00ednia \u00e9 uma jovem hip\u00f3crita e ambiciosa que na realidade nunca amou Ricardo. Ela terminou o noivado quando soube da volta de Jo\u00e3o, pois planeja se casar com ele por causa de sua fortuna e posi\u00e7\u00e3o social. Por\u00e9m, Jo\u00e3o se apaixona por Ver\u00f4nica e ela, frustrada por n\u00e3o conseguir conquist\u00e1-lo mente dizendo que Ver\u00f4nica foi a culpada pela morte do Ricardo. A hist\u00f3ria chega aos ouvidos de Dem\u00e9trio e ele, para se vingar, se aproxima de Ver\u00f4nica, faz de tudo para que ela se apaixone por ele e acaba se casando com ela. Depois de uma apaixonada noite de amor, Dem\u00e9trio muda radicalmente se comportamento com ela e come\u00e7a a trat\u00e1-la com desprezo para que ela pague pela morte de seu irm\u00e3o. Dem\u00e9trio transforma a vida de Ver\u00f4nica num verdadeiro inferno. Ver\u00f4nica descobre a mentira, se rebela contra o marido e decide por um ponto final no casamento. Dem\u00e9trio acaba descobrindo que se casou com a mulher errada e tenta acabar com a pr\u00f3pria vida.<\/p>\n<p>Ver\u00f4nica foge para a capital e no dia do casamento de Virg\u00ednia e Jo\u00e3o desmascara a prima. Dem\u00e9trio vai atr\u00e1s da mulher mas n\u00e3o consegue seu perd\u00e3o. Ver\u00f4nica, em sociedade com Andr\u00e9, monta uma empresa de importa\u00e7\u00e3o e exporta\u00e7\u00e3o e se transforma numa mulher rica e independente e se dedica a ajudar jovens com problemas. Indignado com a mentira, Jo\u00e3o anula seu casamento com Virg\u00ednia e ela, furiosa planeja acabar com a vida de Ver\u00f4nica. Enquanto isso, Dem\u00e9trio, Andr\u00e9 e Jo\u00e3o disputam o amor de Ver\u00f4nica. Miranda (Blanca Guerra), a verdadeira m\u00e3e de Ver\u00f4nica aparece e procura pela filha. Faz amizade com Dem\u00e9trio, conta a ele sua verdadeira identidade, mas pede que n\u00e3o comente nada, pois ela quer ganhar a confian\u00e7a da filha antes de dizer quem \u00e9. A amizade entre Dem\u00e9trio e Miranda faz Ver\u00f4nica acreditar que existe algo entre eles e a odeia. Mas tudo muda quando Miranda salva sua vida numa armadilha preparada por Virg\u00ednia e Santiago (Luis Gatica), seu c\u00famplice. Ver\u00f4nica descobre a verdade sobre sua verdadeira m\u00e3e e as duas se abra\u00e7am emocionadas. Andr\u00e9 (Tony Bravo) percebe que Ver\u00f4nica \u00e9 muito jovem para ele e, ao mesmo tempo, se sente atra\u00eddo por Miranda. Ver\u00f4nica e Jo\u00e3o est\u00e3o a ponto de se casar quando algo inesperado mudar\u00e1 o rumo de suas vidas.<\/p>\n","protected":false},"excerpt":{"rendered":"<p>Novela \u201cA Mentira\u201d resumo 28\/03: Ricardo se mata e Dem\u00e9trio \u00e9 o seu \u00fanico herdeiro. Ao chegar na fazenda, Dem\u00e9trio recebe a terr\u00edvel not\u00edcia de que seu irm\u00e3o, desprezado pela noiva, acabou com a vida. Dem\u00e9trio jura se vingar da mulher que causou a morte do seu jovem irm\u00e3o e de quem sabe apenas que [&hellip;]<\/p>\n","protected":false},"author":2,"featured_media":83096,"comment_status":"open","ping_status":"closed","sticky":false,"template":"","format":"standard","meta":{"tdm_status":"","tdm_grid_status":"","footnotes":""},"categories":[379,372,343],"tags":[],"class_list":{"0":"post-83191","1":"post","2":"type-post","3":"status-publish","4":"format-standard","5":"has-post-thumbnail","7":"category-novelas","8":"category-sbt","9":"category-televisao"},"_links":{"self":[{"href":"https:\/\/migracao.redenoticia.com.br\/noticia\/wp-json\/wp\/v2\/posts\/83191","targetHints":{"allow":["GET"]}}],"collection":[{"href":"https:\/\/migracao.redenoticia.com.br\/noticia\/wp-json\/wp\/v2\/posts"}],"about":[{"href":"https:\/\/migracao.redenoticia.com.br\/noticia\/wp-json\/wp\/v2\/types\/post"}],"author":[{"embeddable":true,"href":"https:\/\/migracao.redenoticia.com.br\/noticia\/wp-json\/wp\/v2\/users\/2"}],"replies":[{"embeddable":true,"href":"https:\/\/migracao.redenoticia.com.br\/noticia\/wp-json\/wp\/v2\/comments?post=83191"}],"version-history":[{"count":0,"href":"https:\/\/migracao.redenoticia.com.br\/noticia\/wp-json\/wp\/v2\/posts\/83191\/revisions"}],"wp:featuredmedia":[{"embeddable":true,"href":"https:\/\/migracao.redenoticia.com.br\/noticia\/wp-json\/wp\/v2\/media\/83096"}],"wp:attachment":[{"href":"https:\/\/migracao.redenoticia.com.br\/noticia\/wp-json\/wp\/v2\/media?parent=83191"}],"wp:term":[{"taxonomy":"category","embeddable":true,"href":"https:\/\/migracao.redenoticia.com.br\/noticia\/wp-json\/wp\/v2\/categories?post=83191"},{"taxonomy":"post_tag","embeddable":true,"href":"https:\/\/migracao.redenoticia.com.br\/noticia\/wp-json\/wp\/v2\/tags?post=83191"}],"curies":[{"name":"wp","href":"https:\/\/api.w.org\/{rel}","templated":true}]}}