{"id":83193,"date":"2016-03-28T17:36:16","date_gmt":"2016-03-28T20:36:16","guid":{"rendered":"http:\/\/www.redenoticia.com.br\/noticia\/?p=83193"},"modified":"2016-03-28T17:36:16","modified_gmt":"2016-03-28T20:36:16","slug":"novela-cuidado-com-o-anjo-resumo-2903-malu-e-candelaria-voltam-para-a-vila","status":"publish","type":"post","link":"https:\/\/migracao.redenoticia.com.br\/noticia\/2016\/novela-cuidado-com-o-anjo-resumo-2903-malu-e-candelaria-voltam-para-a-vila\/83193","title":{"rendered":"Novela \u201cCuidado com o Anjo\u201d resumo 29\/03: Mal\u00fa e Candel\u00e1ria voltam para a vila"},"content":{"rendered":"<p> <img loading=\"lazy\" decoding=\"async\" src=\"https:\/\/migracao.redenoticia.com.br\/noticia\/imagens\/cuidado-com-o-anjo-novela-resumo-capitulo-sbt-episodio-150x112.jpg\" alt=\"cuidado com o anjo novela resumo capitulo sbt episodio\" width=\"150\" height=\"112\" class=\"alignleft size-thumbnail wp-image-82049\" srcset=\"https:\/\/migracao.redenoticia.com.br\/noticia\/imagens\/cuidado-com-o-anjo-novela-resumo-capitulo-sbt-episodio-150x112.jpg 150w, https:\/\/migracao.redenoticia.com.br\/noticia\/imagens\/cuidado-com-o-anjo-novela-resumo-capitulo-sbt-episodio-265x198.jpg 265w\" sizes=\"auto, (max-width: 150px) 100vw, 150px\" \/><strong><em>Novela \u201cCuidado com o Anjo\u201d resumo 29\/03<\/em><\/strong>: Mal\u00fa recebe alta do hospital e volta para o apartamento de Amador. Estef\u00e2nia consegue fugir da pris\u00e3o e tamb\u00e9m procura Amador. Chegando l\u00e1, ela tenta fazer mal a Mal\u00fa. Ela \u00e9 impedida por Amador, que a expulsa do local. Como Mal\u00fa n\u00e3o pode mais atuar, Amador manda ela e Candel\u00e1ria se mudarem do local. As duas voltam a morar na vila.  <\/p>\n<p>No capitulo 087(*), novela \u201cCuidado com o Anjo\u201d, ter\u00e7a-feira, 29 de mar\u00e7o \u2013 Considerada uma foragida muito perigosa, a pol\u00edcia procura Estef\u00e2nia por toda a cidade. Desesperado por n\u00e3o saber do paradeiro de Mal\u00fa, Jo\u00e3o Miguel acredita que ela foi embora com Leopardo. Depois de serem expulsas por Amador, Mal\u00fa e Candel\u00e1ria voltam para a Vila. Quando Jo\u00e3o Miguel est\u00e1 convencido que Mal\u00fa foi embora com Leopardo, recebe uma liga\u00e7\u00e3o de Branca. S\u00f3 Olga presencia quando Mal\u00fa e Candel\u00e1ria chegam \u00e0 Vila por isso, quando Jo\u00e3o Miguel vai at\u00e9 l\u00e1, todos dizem que n\u00e3o a viram. Branca visita Jo\u00e3o Miguel e, ao ficar sabendo que Mal\u00fa desapareceu, diz que ele n\u00e3o deve se preocupar, pois ela j\u00e1 recuperou a vis\u00e3o. Patr\u00edcio chora de remorso pelo que fez a Mal\u00fa e, acreditando que n\u00e3o tem muito tempo de vida, pede a Cec\u00edlia que chame o padre. <\/p>\n<p>Padre Anselmo visita Mal\u00fa e Olga diz aos dois que Patr\u00edcio est\u00e1 morrendo. Jo\u00e3o Miguel se v\u00ea obrigado a dizer a Cec\u00edlia que Mal\u00fa desapareceu, mas a tranquiliza informando que ela j\u00e1 pode ver. Mal\u00fa sofre ao saber que seu pai est\u00e1 morrendo e se pergunta se deveria estar ao seu lado. Estef\u00e2nia aparece na casa de Jo\u00e3o Miguel, diz que foi posta em liberdade por falta de provas e acusa Amador de ter planejado o sequestro de seu filho. Padre Anselmo aconselha Patr\u00edcio a pedir perd\u00e3o \u00e0 filha. Jo\u00e3o Miguel e Leopardo fazem as pazes e, juntos, amea\u00e7am mandar Amador para a cadeia por sequestro. Patr\u00edcio se surpreende ao ver Mal\u00fa no hospital. Felizes e emocionados, Branca e Leopardo se preparam para o casamento. Mal\u00fa abra\u00e7a o pai com ternura e ele diz que sabe que sua atitude n\u00e3o tem perd\u00e3o. Patr\u00edcio confessa a Mal\u00fa que ficou horrorizado ao saber tudo que Isabela e Estef\u00e2nia fizeram contra ela. Of\u00e9lia pede perd\u00e3o a Jo\u00e3o Miguel por tudo que fez no passado e diz estar arrependida pela maneira como tratou Mal\u00fa. <\/p>\n<p>Patr\u00edcio passa mal, Mal\u00fa se desespera, diz ao pai que j\u00e1 o perdoou e que precisa muito dele. Leopardo e Branca se casam no civil. Jo\u00e3o Miguel conta a Mal\u00fa sobre o plano de Amador, Isabela e Estef\u00e2nia para sequestrar seu filho. Amador n\u00e3o permite que Ana J\u00falia assuma o lugar de Mal\u00fa na pe\u00e7a e os dois terminam o relacionamento. Jo\u00e3o Miguel chora por Mal\u00fa e Estef\u00e2nia a culpa por estar atr\u00e1s das grades. Candel\u00e1ria deixa Mal\u00fa sozinha enquanto vai chamar um t\u00e1xi, mas ela come\u00e7a a caminhar e sofre um acidente caindo de uma passarela junto com o filho, que escapa de suas m\u00e3os. Candel\u00e1ria se apavora ao n\u00e3o encontrar Mal\u00fa e \u00e9 informada que ela foi levada para o hospital. Jo\u00e3o Miguel denuncia Amador e Estef\u00e2nia por tentativa de sequestro de seu filho. <\/p>\n<p>(*) edi\u00e7\u00e3o do SBT, Novela \u201cCuidado com o Anjo\u201d, sujeito a altera\u00e7\u00e3o de data e conte\u00fado.<\/p>\n","protected":false},"excerpt":{"rendered":"<p>Novela \u201cCuidado com o Anjo\u201d resumo 29\/03: Mal\u00fa recebe alta do hospital e volta para o apartamento de Amador. Estef\u00e2nia consegue fugir da pris\u00e3o e tamb\u00e9m procura Amador. Chegando l\u00e1, ela tenta fazer mal a Mal\u00fa. Ela \u00e9 impedida por Amador, que a expulsa do local. Como Mal\u00fa n\u00e3o pode mais atuar, Amador manda ela [&hellip;]<\/p>\n","protected":false},"author":2,"featured_media":82049,"comment_status":"open","ping_status":"closed","sticky":false,"template":"","format":"standard","meta":{"tdm_status":"","tdm_grid_status":"","footnotes":""},"categories":[379,372,343],"tags":[],"class_list":{"0":"post-83193","1":"post","2":"type-post","3":"status-publish","4":"format-standard","5":"has-post-thumbnail","7":"category-novelas","8":"category-sbt","9":"category-televisao"},"_links":{"self":[{"href":"https:\/\/migracao.redenoticia.com.br\/noticia\/wp-json\/wp\/v2\/posts\/83193","targetHints":{"allow":["GET"]}}],"collection":[{"href":"https:\/\/migracao.redenoticia.com.br\/noticia\/wp-json\/wp\/v2\/posts"}],"about":[{"href":"https:\/\/migracao.redenoticia.com.br\/noticia\/wp-json\/wp\/v2\/types\/post"}],"author":[{"embeddable":true,"href":"https:\/\/migracao.redenoticia.com.br\/noticia\/wp-json\/wp\/v2\/users\/2"}],"replies":[{"embeddable":true,"href":"https:\/\/migracao.redenoticia.com.br\/noticia\/wp-json\/wp\/v2\/comments?post=83193"}],"version-history":[{"count":0,"href":"https:\/\/migracao.redenoticia.com.br\/noticia\/wp-json\/wp\/v2\/posts\/83193\/revisions"}],"wp:featuredmedia":[{"embeddable":true,"href":"https:\/\/migracao.redenoticia.com.br\/noticia\/wp-json\/wp\/v2\/media\/82049"}],"wp:attachment":[{"href":"https:\/\/migracao.redenoticia.com.br\/noticia\/wp-json\/wp\/v2\/media?parent=83193"}],"wp:term":[{"taxonomy":"category","embeddable":true,"href":"https:\/\/migracao.redenoticia.com.br\/noticia\/wp-json\/wp\/v2\/categories?post=83193"},{"taxonomy":"post_tag","embeddable":true,"href":"https:\/\/migracao.redenoticia.com.br\/noticia\/wp-json\/wp\/v2\/tags?post=83193"}],"curies":[{"name":"wp","href":"https:\/\/api.w.org\/{rel}","templated":true}]}}