{"id":83203,"date":"2016-03-28T17:43:14","date_gmt":"2016-03-28T20:43:14","guid":{"rendered":"http:\/\/www.redenoticia.com.br\/noticia\/?p=83203"},"modified":"2016-03-28T17:43:14","modified_gmt":"2016-03-28T20:43:14","slug":"novela-carrossel-resumo-2903-suzana-acorda-olivia","status":"publish","type":"post","link":"https:\/\/migracao.redenoticia.com.br\/noticia\/2016\/novela-carrossel-resumo-2903-suzana-acorda-olivia\/83203","title":{"rendered":"Novela \u201cCarrossel\u201d resumo 29\/03: Suzana acorda Ol\u00edvia"},"content":{"rendered":"<p> <img loading=\"lazy\" decoding=\"async\" src=\"https:\/\/migracao.redenoticia.com.br\/noticia\/imagens\/Carrossel_resumo_novela_sbt-150x112.jpg\" alt=\"Carrossel_resumo_novela_sbt\" width=\"150\" height=\"112\" class=\"alignleft size-thumbnail wp-image-82147\" srcset=\"https:\/\/migracao.redenoticia.com.br\/noticia\/imagens\/Carrossel_resumo_novela_sbt-150x112.jpg 150w, https:\/\/migracao.redenoticia.com.br\/noticia\/imagens\/Carrossel_resumo_novela_sbt-265x198.jpg 265w\" sizes=\"auto, (max-width: 150px) 100vw, 150px\" \/><strong><em>Novela \u201cCarrossel\u201d resumo 29\/03<\/em><\/strong>: chorando, Maria Joaquina confessa que trocou o DVD. Helena fica surpresa com a confiss\u00e3o. Maria Joaquina diz que a ideia foi do Jorge e, como ela se arrependeu, tamb\u00e9m roubou o cabo do projetor. As crian\u00e7as assistem ao filme correto. Enquanto isso, Suzana n\u00e3o compreende o que est\u00e1 acontecendo. Ela procura a diretora Ol\u00edvia, que est\u00e1 dormindo em sua sala. Suzana resolve acord\u00e1-la e esta n\u00e3o entende como foi parar no local. Ol\u00edvia pergunta para a Gra\u00e7a, Ren\u00ea e Helena como foi parar em sua sala e os tr\u00eas desconversam. <\/p>\n<p>No capitulo 273(*), novela \u201cCarrossel\u201d, ter\u00e7a-feira, 29 de mar\u00e7o \u2013 Maria Joaquina diz que para evitar a maldade de Jorge roubou o cabo do projetor. Ren\u00ea conversa com Paulo em outra sala. As crian\u00e7as assistem ao filme correto. Suzana espia tudo, mas n\u00e3o compreende o que est\u00e1 acontecendo. <\/p>\n<p>Suzana acorda Ol\u00edvia e diz que a turma de Helena est\u00e1 fazendo muito barulho. A diretora fica pensando como foi parar em sua sala e deixa Suzana falando sozinha. Ol\u00edvia pergunta para a Gra\u00e7a, Ren\u00ea e Helena como foi parar em sua sala. <\/p>\n<p>Os tr\u00eas desconversam e a diretora tenta disfar\u00e7ar o fato de que estava dormindo. Os quatro se preparam para premiar os alunos com uma esp\u00e9cie de Oscar. Ol\u00edvia nomeia o pr\u00eamio como Trof\u00e9u Olivitos.  <\/p>\n<p>(*) edi\u00e7\u00e3o do SBT, Novela \u201cCarrossel\u201d, sujeito a altera\u00e7\u00e3o de data e conte\u00fado.<\/p>\n","protected":false},"excerpt":{"rendered":"<p>Novela \u201cCarrossel\u201d resumo 29\/03: chorando, Maria Joaquina confessa que trocou o DVD. Helena fica surpresa com a confiss\u00e3o. Maria Joaquina diz que a ideia foi do Jorge e, como ela se arrependeu, tamb\u00e9m roubou o cabo do projetor. As crian\u00e7as assistem ao filme correto. Enquanto isso, Suzana n\u00e3o compreende o que est\u00e1 acontecendo. Ela procura [&hellip;]<\/p>\n","protected":false},"author":2,"featured_media":82147,"comment_status":"open","ping_status":"closed","sticky":false,"template":"","format":"standard","meta":{"tdm_status":"","tdm_grid_status":"","footnotes":""},"categories":[379,372,343],"tags":[],"class_list":{"0":"post-83203","1":"post","2":"type-post","3":"status-publish","4":"format-standard","5":"has-post-thumbnail","7":"category-novelas","8":"category-sbt","9":"category-televisao"},"_links":{"self":[{"href":"https:\/\/migracao.redenoticia.com.br\/noticia\/wp-json\/wp\/v2\/posts\/83203","targetHints":{"allow":["GET"]}}],"collection":[{"href":"https:\/\/migracao.redenoticia.com.br\/noticia\/wp-json\/wp\/v2\/posts"}],"about":[{"href":"https:\/\/migracao.redenoticia.com.br\/noticia\/wp-json\/wp\/v2\/types\/post"}],"author":[{"embeddable":true,"href":"https:\/\/migracao.redenoticia.com.br\/noticia\/wp-json\/wp\/v2\/users\/2"}],"replies":[{"embeddable":true,"href":"https:\/\/migracao.redenoticia.com.br\/noticia\/wp-json\/wp\/v2\/comments?post=83203"}],"version-history":[{"count":0,"href":"https:\/\/migracao.redenoticia.com.br\/noticia\/wp-json\/wp\/v2\/posts\/83203\/revisions"}],"wp:featuredmedia":[{"embeddable":true,"href":"https:\/\/migracao.redenoticia.com.br\/noticia\/wp-json\/wp\/v2\/media\/82147"}],"wp:attachment":[{"href":"https:\/\/migracao.redenoticia.com.br\/noticia\/wp-json\/wp\/v2\/media?parent=83203"}],"wp:term":[{"taxonomy":"category","embeddable":true,"href":"https:\/\/migracao.redenoticia.com.br\/noticia\/wp-json\/wp\/v2\/categories?post=83203"},{"taxonomy":"post_tag","embeddable":true,"href":"https:\/\/migracao.redenoticia.com.br\/noticia\/wp-json\/wp\/v2\/tags?post=83203"}],"curies":[{"name":"wp","href":"https:\/\/api.w.org\/{rel}","templated":true}]}}