{"id":83211,"date":"2016-03-28T17:49:52","date_gmt":"2016-03-28T20:49:52","guid":{"rendered":"http:\/\/www.redenoticia.com.br\/noticia\/?p=83211"},"modified":"2016-03-28T17:49:52","modified_gmt":"2016-03-28T20:49:52","slug":"novela-chamas-da-vida-resumo-2903-leo-diz-para-antonio-esquecer-beatriz","status":"publish","type":"post","link":"https:\/\/migracao.redenoticia.com.br\/noticia\/2016\/novela-chamas-da-vida-resumo-2903-leo-diz-para-antonio-esquecer-beatriz\/83211","title":{"rendered":"Novela \u201cChamas da Vida\u201d resumo 29\/03: Leo diz para Ant\u00f4nio esquecer Beatriz"},"content":{"rendered":"<p> <img loading=\"lazy\" decoding=\"async\" src=\"https:\/\/migracao.redenoticia.com.br\/noticia\/imagens\/chamas_da_vida_resumo_novela-150x112.jpeg\" alt=\"chamas_da_vida_resumo_novela\" width=\"150\" height=\"112\" class=\"alignleft size-thumbnail wp-image-82020\" \/><strong><em>Novela \u201cChamas da Vida\u201d resumo 29\/03<\/em><\/strong>: Antonio est\u00e1 preso e n\u00e3o aguenta mais. N\u00e3o h\u00e1 previs\u00e3o para ser solto e ele se desespera. L\u00e9o oferece ajuda para Antonio fugir, mas faz uma exig\u00eancia. L\u00e9o quer que Antonio se afaste de vez de Beatriz. Ele diz a Ant\u00f4nio para n\u00e3o ser ego\u00edsta e perceber que ele vai estragar a vida de Beatriz.<\/p>\n<p>No capitulo 106 (*), novela \u201cChamas da Vida\u201d, ter\u00e7a-feira, 29 de mar\u00e7o \u2013 Vilma diz a Tom\u00e1s que ela j\u00e1 pode internar Beatriz. Tom\u00e1s pergunta se ela a vai mesmo internar sem pedir autoriza\u00e7\u00e3o do juiz. Ela diz que j\u00e1 pagou e a cl\u00ednica n\u00e3o \u00e9 legalizada. Arlete arranja-se para o primeiro dia de trabalho. Ela diz a Gildete que o seu primeiro dia de trabalho vai ser inesquec\u00edvel. Vilma conta a Guga que Beatriz vai ser internada. Guga diz que \u00e9 um absurdo. Michele diz a Brito que perdeu a confian\u00e7a em Guilherme. Brito diz que Guilherme est\u00e1 confuso. Washington conta a Manu que Leo confirmou estar a ajudar Ant\u00f4nio na fugir. <\/p>\n<p>Manu diz que Ant\u00f4nio tem que pagar pelo que fez com o pai dela. Igor, o detective de Vilma, conta que Pedro tem uma tia, chamada Mercedes, que est\u00e1 com d\u00edvidas. Vilma diz a Igor para descobrir por que ela se afastou da fam\u00edlia de Pedro. Docinho diz a Andressa e a Demor\u00f4 que vai voltar para It\u00e1lia. Leo diz que ajuda Ant\u00f4nio a fugir, mas ele tem que esquecer Beatriz. Leo diz a Ant\u00f4nio para n\u00e3o ser ego\u00edsta e perceber que ele vai estragar a vida de Beatriz. Eurico diz a Pedro, Caz\u00e9 e a Junior que Guilherme pediu extens\u00e3o da licen\u00e7a. Eurico pede que eles contem a verdade sobre o que est\u00e1 a acontecer com Guilherme. <\/p>\n<p>Caz\u00e9 diz que n\u00e3o sabe de nada. Junior diz que todos j\u00e1 sabem que Michele fez um exame a pedido de Guilherme. Junior diz que Guilherme deve estar com alguma doen\u00e7a ven\u00e9rea. Caz\u00e9 diz que quando Guilherme estiver preparado ele mesmo vai contar. Michele conta a Demoro que Vivi vai fazer um exame no dia seguinte. Ra\u00edssa abra\u00e7a Vivi e emociona-se. Vivi diz que est\u00e1 a ser dif\u00edcil esquecer o que aconteceu. Ra\u00edssa diz que pode entender porque j\u00e1 foi estuprada. Manu amea\u00e7a Leo para n\u00e3o contar que Ant\u00f4nio ir\u00e1 fugir. Demoro diz a Michele que Margareth \u00e9 a m\u00e3e dele.  <\/p>\n<p>(*) edi\u00e7\u00e3o da Rede Record, Novela \u201cChamas da Vida\u201d, sujeito a altera\u00e7\u00e3o de data e conte\u00fado. <\/p>\n","protected":false},"excerpt":{"rendered":"<p>Novela \u201cChamas da Vida\u201d resumo 29\/03: Antonio est\u00e1 preso e n\u00e3o aguenta mais. N\u00e3o h\u00e1 previs\u00e3o para ser solto e ele se desespera. L\u00e9o oferece ajuda para Antonio fugir, mas faz uma exig\u00eancia. L\u00e9o quer que Antonio se afaste de vez de Beatriz. Ele diz a Ant\u00f4nio para n\u00e3o ser ego\u00edsta e perceber que ele [&hellip;]<\/p>\n","protected":false},"author":2,"featured_media":82020,"comment_status":"open","ping_status":"closed","sticky":false,"template":"","format":"standard","meta":{"tdm_status":"","tdm_grid_status":"","footnotes":""},"categories":[379,371,343],"tags":[],"class_list":{"0":"post-83211","1":"post","2":"type-post","3":"status-publish","4":"format-standard","5":"has-post-thumbnail","7":"category-novelas","8":"category-rede-record","9":"category-televisao"},"_links":{"self":[{"href":"https:\/\/migracao.redenoticia.com.br\/noticia\/wp-json\/wp\/v2\/posts\/83211","targetHints":{"allow":["GET"]}}],"collection":[{"href":"https:\/\/migracao.redenoticia.com.br\/noticia\/wp-json\/wp\/v2\/posts"}],"about":[{"href":"https:\/\/migracao.redenoticia.com.br\/noticia\/wp-json\/wp\/v2\/types\/post"}],"author":[{"embeddable":true,"href":"https:\/\/migracao.redenoticia.com.br\/noticia\/wp-json\/wp\/v2\/users\/2"}],"replies":[{"embeddable":true,"href":"https:\/\/migracao.redenoticia.com.br\/noticia\/wp-json\/wp\/v2\/comments?post=83211"}],"version-history":[{"count":0,"href":"https:\/\/migracao.redenoticia.com.br\/noticia\/wp-json\/wp\/v2\/posts\/83211\/revisions"}],"wp:featuredmedia":[{"embeddable":true,"href":"https:\/\/migracao.redenoticia.com.br\/noticia\/wp-json\/wp\/v2\/media\/82020"}],"wp:attachment":[{"href":"https:\/\/migracao.redenoticia.com.br\/noticia\/wp-json\/wp\/v2\/media?parent=83211"}],"wp:term":[{"taxonomy":"category","embeddable":true,"href":"https:\/\/migracao.redenoticia.com.br\/noticia\/wp-json\/wp\/v2\/categories?post=83211"},{"taxonomy":"post_tag","embeddable":true,"href":"https:\/\/migracao.redenoticia.com.br\/noticia\/wp-json\/wp\/v2\/tags?post=83211"}],"curies":[{"name":"wp","href":"https:\/\/api.w.org\/{rel}","templated":true}]}}