{"id":83215,"date":"2016-03-28T17:52:52","date_gmt":"2016-03-28T20:52:52","guid":{"rendered":"http:\/\/www.redenoticia.com.br\/noticia\/?p=83215"},"modified":"2016-03-28T17:52:52","modified_gmt":"2016-03-28T20:52:52","slug":"novela-anjo-mau-resumo-2903-nice-percebe-o-clima-entre-rodrigo-ricardo-e-paula","status":"publish","type":"post","link":"https:\/\/migracao.redenoticia.com.br\/noticia\/2016\/novela-anjo-mau-resumo-2903-nice-percebe-o-clima-entre-rodrigo-ricardo-e-paula\/83215","title":{"rendered":"Novela \u201cAnjo Mau\u201d resumo 29\/03: Nice percebe o clima entre Rodrigo, Ricardo e Paula"},"content":{"rendered":"<p> <img loading=\"lazy\" decoding=\"async\" class=\"alignleft size-thumbnail wp-image-83094\" src=\"https:\/\/migracao.redenoticia.com.br\/noticia\/imagens\/anjo_mau_novela_resumo-150x112.jpg\" alt=\"anjo_mau_novela_resumo\" width=\"150\" height=\"112\" srcset=\"https:\/\/migracao.redenoticia.com.br\/noticia\/imagens\/anjo_mau_novela_resumo-150x112.jpg 150w, https:\/\/migracao.redenoticia.com.br\/noticia\/imagens\/anjo_mau_novela_resumo-265x198.jpg 265w\" sizes=\"auto, (max-width: 150px) 100vw, 150px\" \/><strong><em>Novela \u201cAnjo Mau\u201d resumo 29\/03<\/em><\/strong>: Nice est\u00e1 encantada com a mans\u00e3o da fam\u00edlia Medeiros. Augusto conta a filha que Rodrigo \u00e9 apaixonado por Paula. Mas, ela garante a Lu\u00eds Carlos que ainda vai fazer parte da fam\u00edlia Medeiros.  Alzira, sua m\u00e3e, pressente que Nice vai aprontar alguma na mans\u00e3o. Esperta, Nice percebe o clima de intimidade entre o irm\u00e3o de Rodrigo, Ricardo e Paula, sua futura cunhada. Ela j\u00e1 imagina a possibilidade de usar este flagra em seu benef\u00edcio.<\/p>\n<p>No capitulo 002(*), novela \u201cAnjo Mau\u201d, ter\u00e7a-feira, 29 de mar\u00e7o \u2013 Paula chega e interrompe a conversa de Rodrigo com Nice. L\u00edgia l\u00ea no jornal a not\u00edcia sobre o casamento de Rodrigo com Paula. <\/p>\n<p>Nice promete a Lu\u00eds Carlos que ainda vai fazer parte da fam\u00edlia Medeiros. Augusto conta a Nice que Rodrigo \u00e9 apaixonado por Paula. Nice percebe o clima de intimidade entre Ricardo e Paula. <\/p>\n<p>Alzira pressente que Nice vai aprontar alguma na mans\u00e3o. Escondida no quarto da patroa, Nice p\u00f5e um vestido de Stela quando ouve algu\u00e9m se aproximando.  <\/p>\n<p>(*) edi\u00e7\u00e3o da Rede Globo, Novela \u201cAnjo Mau\u201d, sujeito a altera\u00e7\u00e3o de data e conte\u00fado.<\/p>\n","protected":false},"excerpt":{"rendered":"<p>Novela \u201cAnjo Mau\u201d resumo 29\/03: Nice est\u00e1 encantada com a mans\u00e3o da fam\u00edlia Medeiros. Augusto conta a filha que Rodrigo \u00e9 apaixonado por Paula. Mas, ela garante a Lu\u00eds Carlos que ainda vai fazer parte da fam\u00edlia Medeiros. Alzira, sua m\u00e3e, pressente que Nice vai aprontar alguma na mans\u00e3o. Esperta, Nice percebe o clima de [&hellip;]<\/p>\n","protected":false},"author":2,"featured_media":83094,"comment_status":"open","ping_status":"closed","sticky":false,"template":"","format":"standard","meta":{"tdm_status":"","tdm_grid_status":"","footnotes":""},"categories":[379,375,343],"tags":[],"class_list":{"0":"post-83215","1":"post","2":"type-post","3":"status-publish","4":"format-standard","5":"has-post-thumbnail","7":"category-novelas","8":"category-rede-globo","9":"category-televisao"},"_links":{"self":[{"href":"https:\/\/migracao.redenoticia.com.br\/noticia\/wp-json\/wp\/v2\/posts\/83215","targetHints":{"allow":["GET"]}}],"collection":[{"href":"https:\/\/migracao.redenoticia.com.br\/noticia\/wp-json\/wp\/v2\/posts"}],"about":[{"href":"https:\/\/migracao.redenoticia.com.br\/noticia\/wp-json\/wp\/v2\/types\/post"}],"author":[{"embeddable":true,"href":"https:\/\/migracao.redenoticia.com.br\/noticia\/wp-json\/wp\/v2\/users\/2"}],"replies":[{"embeddable":true,"href":"https:\/\/migracao.redenoticia.com.br\/noticia\/wp-json\/wp\/v2\/comments?post=83215"}],"version-history":[{"count":0,"href":"https:\/\/migracao.redenoticia.com.br\/noticia\/wp-json\/wp\/v2\/posts\/83215\/revisions"}],"wp:featuredmedia":[{"embeddable":true,"href":"https:\/\/migracao.redenoticia.com.br\/noticia\/wp-json\/wp\/v2\/media\/83094"}],"wp:attachment":[{"href":"https:\/\/migracao.redenoticia.com.br\/noticia\/wp-json\/wp\/v2\/media?parent=83215"}],"wp:term":[{"taxonomy":"category","embeddable":true,"href":"https:\/\/migracao.redenoticia.com.br\/noticia\/wp-json\/wp\/v2\/categories?post=83215"},{"taxonomy":"post_tag","embeddable":true,"href":"https:\/\/migracao.redenoticia.com.br\/noticia\/wp-json\/wp\/v2\/tags?post=83215"}],"curies":[{"name":"wp","href":"https:\/\/api.w.org\/{rel}","templated":true}]}}