{"id":83234,"date":"2016-03-29T09:28:21","date_gmt":"2016-03-29T12:28:21","guid":{"rendered":"http:\/\/www.redenoticia.com.br\/noticia\/?p=83234"},"modified":"2016-03-28T18:49:41","modified_gmt":"2016-03-28T21:49:41","slug":"expectativa-de-inflacao-dos-consumidores-chega-a-111","status":"publish","type":"post","link":"https:\/\/migracao.redenoticia.com.br\/noticia\/2016\/expectativa-de-inflacao-dos-consumidores-chega-a-111\/83234","title":{"rendered":"Expectativa de Infla\u00e7\u00e3o dos Consumidores chega a 11,1%"},"content":{"rendered":"<p> Ap\u00f3s treze meses consecutivos de alta, o indicador Expectativa de <strong><em>Infla\u00e7\u00e3o<\/em><\/strong> dos Consumidores fechou mar\u00e7o com queda de 0,3 ponto percentual em rela\u00e7\u00e3o a fevereiro. Segundo divulgou o Instituto Brasileiro de Economia, da Funda\u00e7\u00e3o Getulio Vargas (FGV\/Ibre), a infla\u00e7\u00e3o mediana prevista pelos consumidores brasileiros para os 12 meses seguintes recuou de 11,4% para 11,1%, de fevereiro para mar\u00e7o.<\/p>\n<p>Apesar da primeira queda do indicador, a infla\u00e7\u00e3o projetada pelos consumidores ainda \u00e9 a terceira maior desde 2005. Na avalia\u00e7\u00e3o da economista da FGV Viviane Seda Bittencourt, as proje\u00e7\u00f5es de queda previstas pelos consumidores \u201cpodem ter sido influenciadas pela observa\u00e7\u00e3o da evolu\u00e7\u00e3o atual da infla\u00e7\u00e3o, com desacelera\u00e7\u00e3o de altas em itens do grupo habita\u00e7\u00e3o, no pre\u00e7o da gasolina e em servi\u00e7os de telefonia fixa e internet, associadas a uma poss\u00edvel desacelera\u00e7\u00e3o de pre\u00e7os administrados em 2016\u201d.<\/p>\n<p>Para ela, no entanto, apesar da ligeira desacelera\u00e7\u00e3o das expectativas de infla\u00e7\u00e3o dos consumidores, o patamar \u201cmant\u00e9m-se alto em termos hist\u00f3ricos em torno de 11%.\u201d<\/p>\n<p>Os dados divulgados indicam que a desacelera\u00e7\u00e3o entre as classes de renda foi disseminada de forma homog\u00eanea em mar\u00e7o, o que manteve o diferencial dos n\u00edveis de infla\u00e7\u00e3o previstos em fevereiro. No entanto, a faixa de renda mais baixa continua prevendo infla\u00e7\u00e3o mais alta para os 12 meses seguintes: 11,7%.<\/p>\n<p>Queda<\/p>\n<p>O intervalo entre 10% e 12% continua sendo o mais citado pelos consumidores, mas a FGV ressalta que \u201chouve redu\u00e7\u00e3o da frequ\u00eancia de cita\u00e7\u00f5es nesta faixa, de 33,7% do total em fevereiro para 31,3% em mar\u00e7o.<\/p>\n<p>As previs\u00f5es de proje\u00e7\u00e3o de infla\u00e7\u00e3o para os 12 meses seguintes v\u00e3o diminuindo conforme o aumento da renda. Para os que ganham entre R$ 4,8 mil e R$ 9,6 mil, as proje\u00e7\u00f5es apontam infla\u00e7\u00e3o de 10,9% para os pr\u00f3ximos doze meses, contra 11,3% dos c\u00e1lculos de fevereiro. J\u00e1 para os ganham acima de R$ 9,6 mil, as previs\u00f5es ca\u00edram dos 11% de fevereiro para 10,6% de mar\u00e7o: redu\u00e7\u00e3o de 0,4 ponto percentual.<\/p>\n<p>Em fevereiro do ano passado, a previs\u00e3o mediana da taxa de infla\u00e7\u00e3o para os doze meses seguintes era de 7,9%, mas j\u00e1 em agosto de 2015 essas mesmas proje\u00e7\u00f5es j\u00e1 indicavam uma expectativa de infla\u00e7\u00e3o de 10%, percentual que se repetiu em setembro, outubro e novembro, mantendo-se, a partir da\u00ed, sempre acima de dois d\u00edgitos. A maior proje\u00e7\u00e3o ocorreu em fevereiro \u00faltimo: 11,4%.<\/p>\n<p>A Sondagem do Consumidor da FGV coleta mensalmente informa\u00e7\u00f5es de mais de 2.100 brasileiros em sete das principais capitais do pa\u00eds (Porto Alegre, S\u00e3o Paulo, Rio de Janeiro, Belo Horizonte, Salvador, Bras\u00edlia e Recife).<\/p>\n<p>Nielmar de Oliveira &#8211; Rep\u00f3rter da Ag\u00eancia Brasil<br \/>\nEdi\u00e7\u00e3o: Kleber Sampaio<br \/>\n29\/03\/2016<\/p>\n","protected":false},"excerpt":{"rendered":"<p>Ap\u00f3s treze meses consecutivos de alta, o indicador Expectativa de Infla\u00e7\u00e3o dos Consumidores fechou mar\u00e7o com queda de 0,3 ponto percentual em rela\u00e7\u00e3o a fevereiro. Segundo divulgou o Instituto Brasileiro de Economia, da Funda\u00e7\u00e3o Getulio Vargas (FGV\/Ibre), a infla\u00e7\u00e3o mediana prevista pelos consumidores brasileiros para os 12 meses seguintes recuou de 11,4% para 11,1%, de [&hellip;]<\/p>\n","protected":false},"author":2,"featured_media":34916,"comment_status":"open","ping_status":"closed","sticky":false,"template":"","format":"standard","meta":{"tdm_status":"","tdm_grid_status":"","footnotes":""},"categories":[22,7],"tags":[],"class_list":{"0":"post-83234","1":"post","2":"type-post","3":"status-publish","4":"format-standard","5":"has-post-thumbnail","7":"category-brasil","8":"category-economia"},"_links":{"self":[{"href":"https:\/\/migracao.redenoticia.com.br\/noticia\/wp-json\/wp\/v2\/posts\/83234","targetHints":{"allow":["GET"]}}],"collection":[{"href":"https:\/\/migracao.redenoticia.com.br\/noticia\/wp-json\/wp\/v2\/posts"}],"about":[{"href":"https:\/\/migracao.redenoticia.com.br\/noticia\/wp-json\/wp\/v2\/types\/post"}],"author":[{"embeddable":true,"href":"https:\/\/migracao.redenoticia.com.br\/noticia\/wp-json\/wp\/v2\/users\/2"}],"replies":[{"embeddable":true,"href":"https:\/\/migracao.redenoticia.com.br\/noticia\/wp-json\/wp\/v2\/comments?post=83234"}],"version-history":[{"count":0,"href":"https:\/\/migracao.redenoticia.com.br\/noticia\/wp-json\/wp\/v2\/posts\/83234\/revisions"}],"wp:featuredmedia":[{"embeddable":true,"href":"https:\/\/migracao.redenoticia.com.br\/noticia\/wp-json\/wp\/v2\/media\/34916"}],"wp:attachment":[{"href":"https:\/\/migracao.redenoticia.com.br\/noticia\/wp-json\/wp\/v2\/media?parent=83234"}],"wp:term":[{"taxonomy":"category","embeddable":true,"href":"https:\/\/migracao.redenoticia.com.br\/noticia\/wp-json\/wp\/v2\/categories?post=83234"},{"taxonomy":"post_tag","embeddable":true,"href":"https:\/\/migracao.redenoticia.com.br\/noticia\/wp-json\/wp\/v2\/tags?post=83234"}],"curies":[{"name":"wp","href":"https:\/\/api.w.org\/{rel}","templated":true}]}}