{"id":83254,"date":"2016-03-29T14:16:37","date_gmt":"2016-03-29T17:16:37","guid":{"rendered":"http:\/\/www.redenoticia.com.br\/noticia\/?p=83254"},"modified":"2016-03-29T14:16:37","modified_gmt":"2016-03-29T17:16:37","slug":"novela-cuidado-com-o-anjo-resumo-3003-filho-de-malu-desaparece","status":"publish","type":"post","link":"https:\/\/migracao.redenoticia.com.br\/noticia\/2016\/novela-cuidado-com-o-anjo-resumo-3003-filho-de-malu-desaparece\/83254","title":{"rendered":"Novela \u201cCuidado com o Anjo\u201d resumo 30\/03: filho de Mal\u00fa desaparece"},"content":{"rendered":"<p> <img loading=\"lazy\" decoding=\"async\" src=\"https:\/\/migracao.redenoticia.com.br\/noticia\/imagens\/cuidado-com-o-anjo-novela-resumo-capitulo-sbt-episodio-150x112.jpg\" alt=\"cuidado com o anjo novela resumo capitulo sbt episodio\" width=\"150\" height=\"112\" class=\"alignleft size-thumbnail wp-image-82049\" srcset=\"https:\/\/migracao.redenoticia.com.br\/noticia\/imagens\/cuidado-com-o-anjo-novela-resumo-capitulo-sbt-episodio-150x112.jpg 150w, https:\/\/migracao.redenoticia.com.br\/noticia\/imagens\/cuidado-com-o-anjo-novela-resumo-capitulo-sbt-episodio-265x198.jpg 265w\" sizes=\"auto, (max-width: 150px) 100vw, 150px\" \/><strong><em>Novela \u201cCuidado com o Anjo\u201d resumo 30\/03<\/em><\/strong>: Mal\u00fa e Candel\u00e1ria voltaram a morar na vila. Enquanto Candel\u00e1ria chama um taxi, Mal\u00fa resolve caminhar, acaba caindo de uma passarela e seu filho escapa de suas m\u00e3os. Mal\u00fa \u00e9 levada para o hospital e, ap\u00f3s ser examinada, pergunta pelo Jo\u00e3ozinho. A crian\u00e7a \u00e9 encontrada por uma mulher que o leva para sua casa. Ela diz ao marido que vai ficar com a crian\u00e7a, pois a encontrou abandonada. Cec\u00edlia avisa Jo\u00e3o Miguel. Sem saber que Mal\u00fa est\u00e1 cega, ele a culpa pelo que aconteceu. O casal procura no jornal alguma not\u00edcia sobre o desaparecimento de uma crian\u00e7a. Como n\u00e3o encontram nada, decidem n\u00e3o comunicar \u00e0s autoridades. Jo\u00e3o Miguel procura a pol\u00edcia para registrar o desaparecimento de seu filho e o delegado desconfia de Estef\u00e2nia.<\/p>\n<p>No capitulo 088 (*), novela \u201cCuidado com o Anjo\u201d, quarta-feira, 30 de mar\u00e7o \u2013 O m\u00e9dico examina Mal\u00fa e constata que est\u00e1 bem e ela pergunta pelo filho. Candel\u00e1ria e um policial procuram pelo menino enquanto uma mulher o encontra e o leva para sua casa. Amador diz a Isabela que tem um plano para se livrar das acusa\u00e7\u00f5es e n\u00e3o ir para a cadeia. Mal\u00fa \u00e9 informada que seu filho est\u00e1 desaparecido. Mal\u00fa se desespera ao saber que Candel\u00e1ria n\u00e3o encontrou seu filho. Firmina leva a crian\u00e7a para sua casa e diz ao marido que vai ficar com ela, pois a encontrou abandonada. <\/p>\n<p>O m\u00e9dico libera Mal\u00fa e aconselha Candel\u00e1ria a avisar o pai da crian\u00e7a sobre o desaparecimento. Cec\u00edlia fica sabendo que seu neto est\u00e1 perdido e avisa Jo\u00e3o Miguel. O casal procura no jornal alguma not\u00edcia sobre o desaparecimento de uma crian\u00e7a e, ao n\u00e3o encontrar nada, decidem n\u00e3o comunicar \u00e0s autoridades, pois est\u00e3o convencidos que o beb\u00ea foi abandonado. Sem saber que Mal\u00fa est\u00e1 cega, Jo\u00e3o Miguel a culpa pelo que aconteceu e afirma que ela n\u00e3o tem o direito de sacrificar a vida de seu filho por causa de suas decis\u00f5es. O delegado comunica a Estef\u00e2nia que ser\u00e1 transferida para a penitenci\u00e1ria enquanto aguarda o julgamento. <\/p>\n<p>A mo\u00e7a insiste em culpar Mal\u00fa por tudo que est\u00e1 lhe acontecendo. Jo\u00e3o Miguel procura a pol\u00edcia para registrar o desaparecimento de seu filho e o delegado desconfia de Estef\u00e2nia. Patr\u00edcio fica sabendo do desaparecimento do neto e, mesmo se sentindo mal, decide procurar por ele. Mal\u00fa pede a Candel\u00e1ria que a leve at\u00e9 o local onde perdeu seu filho, mas ela se nega. A pol\u00edcia interroga Amador e Isabela sobre o desaparecimento do beb\u00ea e Jo\u00e3o Miguel faz o mesmo com Estef\u00e2nia. Enquanto Mal\u00fa sofre desesperadamente pela perda do filho, Firmina percebe que o beb\u00ea est\u00e1 ardendo em febre. <\/p>\n<p>(*) edi\u00e7\u00e3o do SBT, Novela \u201cCuidado com o Anjo\u201d, sujeito a altera\u00e7\u00e3o de data e conte\u00fado.<\/p>\n","protected":false},"excerpt":{"rendered":"<p>Novela \u201cCuidado com o Anjo\u201d resumo 30\/03: Mal\u00fa e Candel\u00e1ria voltaram a morar na vila. Enquanto Candel\u00e1ria chama um taxi, Mal\u00fa resolve caminhar, acaba caindo de uma passarela e seu filho escapa de suas m\u00e3os. Mal\u00fa \u00e9 levada para o hospital e, ap\u00f3s ser examinada, pergunta pelo Jo\u00e3ozinho. A crian\u00e7a \u00e9 encontrada por uma mulher [&hellip;]<\/p>\n","protected":false},"author":2,"featured_media":82049,"comment_status":"open","ping_status":"closed","sticky":false,"template":"","format":"standard","meta":{"tdm_status":"","tdm_grid_status":"","footnotes":""},"categories":[379,372,343],"tags":[],"class_list":{"0":"post-83254","1":"post","2":"type-post","3":"status-publish","4":"format-standard","5":"has-post-thumbnail","7":"category-novelas","8":"category-sbt","9":"category-televisao"},"_links":{"self":[{"href":"https:\/\/migracao.redenoticia.com.br\/noticia\/wp-json\/wp\/v2\/posts\/83254","targetHints":{"allow":["GET"]}}],"collection":[{"href":"https:\/\/migracao.redenoticia.com.br\/noticia\/wp-json\/wp\/v2\/posts"}],"about":[{"href":"https:\/\/migracao.redenoticia.com.br\/noticia\/wp-json\/wp\/v2\/types\/post"}],"author":[{"embeddable":true,"href":"https:\/\/migracao.redenoticia.com.br\/noticia\/wp-json\/wp\/v2\/users\/2"}],"replies":[{"embeddable":true,"href":"https:\/\/migracao.redenoticia.com.br\/noticia\/wp-json\/wp\/v2\/comments?post=83254"}],"version-history":[{"count":0,"href":"https:\/\/migracao.redenoticia.com.br\/noticia\/wp-json\/wp\/v2\/posts\/83254\/revisions"}],"wp:featuredmedia":[{"embeddable":true,"href":"https:\/\/migracao.redenoticia.com.br\/noticia\/wp-json\/wp\/v2\/media\/82049"}],"wp:attachment":[{"href":"https:\/\/migracao.redenoticia.com.br\/noticia\/wp-json\/wp\/v2\/media?parent=83254"}],"wp:term":[{"taxonomy":"category","embeddable":true,"href":"https:\/\/migracao.redenoticia.com.br\/noticia\/wp-json\/wp\/v2\/categories?post=83254"},{"taxonomy":"post_tag","embeddable":true,"href":"https:\/\/migracao.redenoticia.com.br\/noticia\/wp-json\/wp\/v2\/tags?post=83254"}],"curies":[{"name":"wp","href":"https:\/\/api.w.org\/{rel}","templated":true}]}}