{"id":83258,"date":"2016-03-29T14:19:29","date_gmt":"2016-03-29T17:19:29","guid":{"rendered":"http:\/\/www.redenoticia.com.br\/noticia\/?p=83258"},"modified":"2016-03-29T14:19:29","modified_gmt":"2016-03-29T17:19:29","slug":"novela-abismo-da-paixao-resumo-3003-carmen-rompe-com-rogerio","status":"publish","type":"post","link":"https:\/\/migracao.redenoticia.com.br\/noticia\/2016\/novela-abismo-da-paixao-resumo-3003-carmen-rompe-com-rogerio\/83258","title":{"rendered":"Novela \u201cAbismo da Paix\u00e3o\u201d resumo 30\/03: Carmen rompe com Rog\u00e9rio"},"content":{"rendered":"<p> <img loading=\"lazy\" decoding=\"async\" class=\"alignleft size-thumbnail wp-image-81978\" src=\"https:\/\/migracao.redenoticia.com.br\/noticia\/imagens\/abismo_de_paixao_sbt_resumo_novela-150x112.jpg\" alt=\"abismo_de_paixao_sbt_resumo_novela\" width=\"150\" height=\"112\" srcset=\"https:\/\/migracao.redenoticia.com.br\/noticia\/imagens\/abismo_de_paixao_sbt_resumo_novela-150x112.jpg 150w, https:\/\/migracao.redenoticia.com.br\/noticia\/imagens\/abismo_de_paixao_sbt_resumo_novela-265x198.jpg 265w\" sizes=\"auto, (max-width: 150px) 100vw, 150px\" \/><strong><em>Novela \u201cAbismo da Paix\u00e3o\u201d resumo 30\/03<\/em><\/strong>: Rog\u00e9rio se surpreende quando o filho Dami\u00e3o diz t\u00ea-lo visto sair de uma casa azul, afastada do centro, mas que Carmen disse que na verdade n\u00e3o era Rog\u00e9rio. Mais tarde, ao se encontrar com Carmem, ela prop\u00f5e que eles fujam. Rog\u00e9rio diz que n\u00e3o pode abandonar sua fam\u00edlia e as terras que s\u00e3o de sua fam\u00edlia ha muitas gera\u00e7\u00f5es. Carmen fica furiosa e pede que ele a esque\u00e7a para sempre. Logo depois, Carmen procura Padre Guadalupe e confessa que Rog\u00e9rio e ela s\u00e3o amantes, que n\u00e3o o ama, e s\u00f3 est\u00e1 com ele por seu dinheiro. Carmen tamb\u00e9m diz ao Padre que quem ela ama, com loucura, \u00e9 seu cunhado Augusto.<\/p>\n<p>No cap\u00edtulo 003(*), novela \u201cAbismo da Paix\u00e3o\u201d, quarta-feira, 30 de mar\u00e7o \u2013 O padre Guadalupe diz a Rog\u00e9rio que s\u00f3 ele ainda n\u00e3o se deu conta que sua rela\u00e7\u00e3o com Almerinda est\u00e1 cada vez pior, e o garante que ele a est\u00e1 enganando com outra mulher, Rog\u00e9rio responde que tudo isso \u00e9 inven\u00e7\u00e3o da cabe\u00e7a doentia de Almerinda, o padre ent\u00e3o responde que pensava o mesmo at\u00e9 que uma mulher o confundiu com ele em seu escrit\u00f3rio, ele diz ter reconhecido o perfume, Rog\u00e9rio o pergunta ent\u00e3o quem era essa mulher, e o padre o responde que prefere manter o nome em sigilo, pois como n\u00e3o a viu, pode pecar se falar sem tem certeza. Augusto pede a Estef\u00e2nia que o perdoe por ter duvidado dela, e promete jamais voltar a faz\u00ea-lo, ele a diz amar demais, e que morreria se a perdesse. <\/p>\n<p>Rog\u00e9rio se surpreende quando Dami\u00e3o o diz t\u00ea-lo visto sair de uma casa azul, afastada do centro, mas que por fim Carmen o disse que na verdade n\u00e3o era Rog\u00e9rio. Carmen recrimina furiosamente Rog\u00e9rio por haver a deixado plantada, ele a diz que saiu para montar com seu filho. Carmen prop\u00f5e que eles fujam, Rog\u00e9rio diz que n\u00e3o pode abandonar sua fam\u00edlia, e as terras que s\u00e3o de sua fam\u00edlia a muitas gera\u00e7\u00f5es. Carmen ent\u00e3o o pede que a esque\u00e7a para sempre. Rog\u00e9rio se desculpa com Augusto pela calunia que Almerinda inventou de Estef\u00e2nia, ele ainda o diz que sua rela\u00e7\u00e3o com a esposa j\u00e1 terminou, pois est\u00e1 apaixonado por outra mulher. <\/p>\n<p>Estef\u00e2nia reclama com Almerinda por esta estar sujando sua reputa\u00e7\u00e3o sem que ela deva, e fala que se Rog\u00e9rio a engana, n\u00e3o \u00e9 com ela, e sim com outra mulher, ela ainda pede uma retrata\u00e7\u00e3o imediata, pois os erros dos pais afetam muito os filhos, e ela deseja preservar Elisa. C\u00ednica, Carmen confessa ao Padre Guadalupe que Rog\u00e9rio e ela s\u00e3o amantes, que n\u00e3o o ama, e s\u00f3 est\u00e1 com ele por seu dinheiro, e por ser ele o \u00fanico homem do povoado capaz de dar lhe tudo que ela merece. Carmen tamb\u00e9m diz ao Padre que quem ama com loucura \u00e9 seu cunhado. <\/p>\n<p>(*) edi\u00e7\u00e3o do SBT, Novela \u201cAbismo da Paix\u00e3o\u201d, sujeito a altera\u00e7\u00e3o de data e conte\u00fado. <\/p>\n","protected":false},"excerpt":{"rendered":"<p>Novela \u201cAbismo da Paix\u00e3o\u201d resumo 30\/03: Rog\u00e9rio se surpreende quando o filho Dami\u00e3o diz t\u00ea-lo visto sair de uma casa azul, afastada do centro, mas que Carmen disse que na verdade n\u00e3o era Rog\u00e9rio. Mais tarde, ao se encontrar com Carmem, ela prop\u00f5e que eles fujam. Rog\u00e9rio diz que n\u00e3o pode abandonar sua fam\u00edlia e [&hellip;]<\/p>\n","protected":false},"author":2,"featured_media":81978,"comment_status":"open","ping_status":"closed","sticky":false,"template":"","format":"standard","meta":{"tdm_status":"","tdm_grid_status":"","footnotes":""},"categories":[379,372,343],"tags":[],"class_list":{"0":"post-83258","1":"post","2":"type-post","3":"status-publish","4":"format-standard","5":"has-post-thumbnail","7":"category-novelas","8":"category-sbt","9":"category-televisao"},"_links":{"self":[{"href":"https:\/\/migracao.redenoticia.com.br\/noticia\/wp-json\/wp\/v2\/posts\/83258","targetHints":{"allow":["GET"]}}],"collection":[{"href":"https:\/\/migracao.redenoticia.com.br\/noticia\/wp-json\/wp\/v2\/posts"}],"about":[{"href":"https:\/\/migracao.redenoticia.com.br\/noticia\/wp-json\/wp\/v2\/types\/post"}],"author":[{"embeddable":true,"href":"https:\/\/migracao.redenoticia.com.br\/noticia\/wp-json\/wp\/v2\/users\/2"}],"replies":[{"embeddable":true,"href":"https:\/\/migracao.redenoticia.com.br\/noticia\/wp-json\/wp\/v2\/comments?post=83258"}],"version-history":[{"count":0,"href":"https:\/\/migracao.redenoticia.com.br\/noticia\/wp-json\/wp\/v2\/posts\/83258\/revisions"}],"wp:featuredmedia":[{"embeddable":true,"href":"https:\/\/migracao.redenoticia.com.br\/noticia\/wp-json\/wp\/v2\/media\/81978"}],"wp:attachment":[{"href":"https:\/\/migracao.redenoticia.com.br\/noticia\/wp-json\/wp\/v2\/media?parent=83258"}],"wp:term":[{"taxonomy":"category","embeddable":true,"href":"https:\/\/migracao.redenoticia.com.br\/noticia\/wp-json\/wp\/v2\/categories?post=83258"},{"taxonomy":"post_tag","embeddable":true,"href":"https:\/\/migracao.redenoticia.com.br\/noticia\/wp-json\/wp\/v2\/tags?post=83258"}],"curies":[{"name":"wp","href":"https:\/\/api.w.org\/{rel}","templated":true}]}}