{"id":8326,"date":"2009-08-12T09:18:22","date_gmt":"2009-08-12T13:18:22","guid":{"rendered":"http:\/\/www.redenoticia.com.br\/noticia\/?p=8326"},"modified":"2009-08-12T09:18:22","modified_gmt":"2009-08-12T13:18:22","slug":"previsao-do-tempo-em-todo-o-brasil-nesta-quarta-feira-1208","status":"publish","type":"post","link":"https:\/\/migracao.redenoticia.com.br\/noticia\/2009\/previsao-do-tempo-em-todo-o-brasil-nesta-quarta-feira-1208\/8326","title":{"rendered":"Previs\u00e3o do tempo em todo o Brasil nesta quarta-feira (12\/08)"},"content":{"rendered":"<p>Previs\u00e3o do tempo para todo o Brasil &#8211; Nesta quarta-feira (12\/08), o dia ficar\u00e1 com muita nebulosidade e chuvas isoladas entre o nordeste de MG, norte do ES e sul da BA, assim como no litoral entre o RN e PE. No centro de MG e do ES, o dia ficar\u00e1 nublado. Entre o norte de SP, GO, DF, restrante de MG, centro-leste de BA e na faixa leste entre o SE e RN. Ocorrer\u00e3o pancadas de chuva da faixa norte do AM e em RR. Entre o sudeste do AP, nordeste do PA e norte do MA as pancadas de chuva ocorrer\u00e3o a partir da tarde.<\/p>\n<p>Nas demais \u00e1reas do Brasil a previs\u00e3o do tempo indica que o sol predominar\u00e1. As temperaturas m\u00e1ximas estar\u00e3o baixas no leste da Regi\u00e3o Sul e Sudeste, e ocorrer\u00e3o nevoeiros em toda Regi\u00e3o Sul do Brasil, al\u00e9m de SP e sul do MS. Os valores de umidade relativa do ar estar\u00e3o baixos entre RO, MT, TO, centro-sul do MA, PI e do CE, oeste da PB e de PE, e no oeste de GO e da BA.<\/p>\n<p>O Centro de Previs\u00e3o do Tempo e Estudos Clim\u00e1ticos &#8211; CPTEC, do Instituto Nacional de Pesquisas Espaciais &#8211; INPE \u00e9 o passaporte do Brasil para o primeiro mundo das previs\u00f5es meteorol\u00f3gicas. Os supercomputadores vetoriais SX-6 e SX-4 fabricados pela NEC Corporation do Jap\u00e3o, possuem capacidade de processar at\u00e9 768 bilh\u00f5es e 16 bilh\u00f5es de opera\u00e7\u00f5es aritm\u00e9ticas em ponto flutuante por segundo respectivamente. Recentemente adquirido da &#8220;NEC Corporation do Jap\u00e3o&#8221; um cluster com 1100 processadores fabricado pela &#8220;SUN Microsystem&#8221; com a capacidade de processar at\u00e9 5.7 trilh\u00f5es de opera\u00e7\u00f5es aritm\u00e9ticas em ponto flutuante por segundo. Isso significa possibilidade de utilizar modelos num\u00e9ricos para simula\u00e7\u00e3o de tempo e clima, integrando informa\u00e7\u00f5es atmosf\u00e9ricas e oce\u00e2nicas. O resultado disso s\u00e3o previs\u00f5es de tempo confi\u00e1veis, para todo o pa\u00eds.<\/p>\n","protected":false},"excerpt":{"rendered":"<p>Previs\u00e3o do tempo para todo o Brasil &#8211; Nesta quarta-feira (12\/08), o dia ficar\u00e1 com muita nebulosidade e chuvas isoladas entre o nordeste de MG, norte do ES e sul da BA, assim como no litoral entre o RN e PE. No centro de MG e do ES, o dia ficar\u00e1 nublado. Entre o norte [&hellip;]<\/p>\n","protected":false},"author":3,"featured_media":0,"comment_status":"open","ping_status":"open","sticky":false,"template":"","format":"standard","meta":{"tdm_status":"","tdm_grid_status":"","footnotes":""},"categories":[22,327],"tags":[],"class_list":{"0":"post-8326","1":"post","2":"type-post","3":"status-publish","4":"format-standard","6":"category-brasil","7":"category-clima"},"_links":{"self":[{"href":"https:\/\/migracao.redenoticia.com.br\/noticia\/wp-json\/wp\/v2\/posts\/8326","targetHints":{"allow":["GET"]}}],"collection":[{"href":"https:\/\/migracao.redenoticia.com.br\/noticia\/wp-json\/wp\/v2\/posts"}],"about":[{"href":"https:\/\/migracao.redenoticia.com.br\/noticia\/wp-json\/wp\/v2\/types\/post"}],"author":[{"embeddable":true,"href":"https:\/\/migracao.redenoticia.com.br\/noticia\/wp-json\/wp\/v2\/users\/3"}],"replies":[{"embeddable":true,"href":"https:\/\/migracao.redenoticia.com.br\/noticia\/wp-json\/wp\/v2\/comments?post=8326"}],"version-history":[{"count":0,"href":"https:\/\/migracao.redenoticia.com.br\/noticia\/wp-json\/wp\/v2\/posts\/8326\/revisions"}],"wp:attachment":[{"href":"https:\/\/migracao.redenoticia.com.br\/noticia\/wp-json\/wp\/v2\/media?parent=8326"}],"wp:term":[{"taxonomy":"category","embeddable":true,"href":"https:\/\/migracao.redenoticia.com.br\/noticia\/wp-json\/wp\/v2\/categories?post=8326"},{"taxonomy":"post_tag","embeddable":true,"href":"https:\/\/migracao.redenoticia.com.br\/noticia\/wp-json\/wp\/v2\/tags?post=8326"}],"curies":[{"name":"wp","href":"https:\/\/api.w.org\/{rel}","templated":true}]}}