{"id":83305,"date":"2016-03-30T10:07:27","date_gmt":"2016-03-30T13:07:27","guid":{"rendered":"http:\/\/www.redenoticia.com.br\/noticia\/?p=83305"},"modified":"2016-03-29T16:08:44","modified_gmt":"2016-03-29T19:08:44","slug":"indice-de-confianca-do-comercio-recua","status":"publish","type":"post","link":"https:\/\/migracao.redenoticia.com.br\/noticia\/2016\/indice-de-confianca-do-comercio-recua\/83305","title":{"rendered":"\u00cdndice de Confian\u00e7a do Com\u00e9rcio recua"},"content":{"rendered":"<p> O <strong><em>\u00cdndice de Confian\u00e7a do Com\u00e9rcio<\/em><\/strong> (Icom), medido pela Funda\u00e7\u00e3o Getulio Vargas, caiu 1,7 ponto em mar\u00e7o deste ano. O indicador recuou de 68,8 pontos em fevereiro para 67,1 pontos (em uma escala de zero a 200). A queda foi provocada principalmente pela piora da avalia\u00e7\u00e3o dos empres\u00e1rios do com\u00e9rcio em rela\u00e7\u00e3o ao futuro, j\u00e1 que o \u00cdndice de Expectativas caiu 2 pontos.<\/p>\n<p>O principal respons\u00e1vel pela queda de 2 pontos do \u00cdndice de Expectativas foi o componente que capta o grau de otimismo em rela\u00e7\u00e3o \u00e0s vendas nos tr\u00eas meses seguintes e que diminuiu 2,5 pontos em rela\u00e7\u00e3o a fevereiro.<\/p>\n<p>J\u00e1 o \u00cdndice da Situa\u00e7\u00e3o Atual, que mede a confian\u00e7a do empres\u00e1rio em rela\u00e7\u00e3o ao momento atual, teve queda de 1,2 ponto e chegou a 62,3 pontos. O recuo foi puxado principalmente pelo componente que mede o grau de satisfa\u00e7\u00e3o com o volume da demanda atual e que caiu 6,5 pontos.<\/p>\n<p>Vitor Abdala &#8211; Rep\u00f3rter da Ag\u00eancia Brasil<br \/>\nEdi\u00e7\u00e3o: Kleber Sampaio<br \/>\n30\/03\/2016<\/p>\n","protected":false},"excerpt":{"rendered":"<p>O \u00cdndice de Confian\u00e7a do Com\u00e9rcio (Icom), medido pela Funda\u00e7\u00e3o Getulio Vargas, caiu 1,7 ponto em mar\u00e7o deste ano. O indicador recuou de 68,8 pontos em fevereiro para 67,1 pontos (em uma escala de zero a 200). A queda foi provocada principalmente pela piora da avalia\u00e7\u00e3o dos empres\u00e1rios do com\u00e9rcio em rela\u00e7\u00e3o ao futuro, j\u00e1 [&hellip;]<\/p>\n","protected":false},"author":2,"featured_media":57583,"comment_status":"open","ping_status":"closed","sticky":false,"template":"","format":"standard","meta":{"tdm_status":"","tdm_grid_status":"","footnotes":""},"categories":[22,7],"tags":[],"class_list":{"0":"post-83305","1":"post","2":"type-post","3":"status-publish","4":"format-standard","5":"has-post-thumbnail","7":"category-brasil","8":"category-economia"},"_links":{"self":[{"href":"https:\/\/migracao.redenoticia.com.br\/noticia\/wp-json\/wp\/v2\/posts\/83305","targetHints":{"allow":["GET"]}}],"collection":[{"href":"https:\/\/migracao.redenoticia.com.br\/noticia\/wp-json\/wp\/v2\/posts"}],"about":[{"href":"https:\/\/migracao.redenoticia.com.br\/noticia\/wp-json\/wp\/v2\/types\/post"}],"author":[{"embeddable":true,"href":"https:\/\/migracao.redenoticia.com.br\/noticia\/wp-json\/wp\/v2\/users\/2"}],"replies":[{"embeddable":true,"href":"https:\/\/migracao.redenoticia.com.br\/noticia\/wp-json\/wp\/v2\/comments?post=83305"}],"version-history":[{"count":0,"href":"https:\/\/migracao.redenoticia.com.br\/noticia\/wp-json\/wp\/v2\/posts\/83305\/revisions"}],"wp:featuredmedia":[{"embeddable":true,"href":"https:\/\/migracao.redenoticia.com.br\/noticia\/wp-json\/wp\/v2\/media\/57583"}],"wp:attachment":[{"href":"https:\/\/migracao.redenoticia.com.br\/noticia\/wp-json\/wp\/v2\/media?parent=83305"}],"wp:term":[{"taxonomy":"category","embeddable":true,"href":"https:\/\/migracao.redenoticia.com.br\/noticia\/wp-json\/wp\/v2\/categories?post=83305"},{"taxonomy":"post_tag","embeddable":true,"href":"https:\/\/migracao.redenoticia.com.br\/noticia\/wp-json\/wp\/v2\/tags?post=83305"}],"curies":[{"name":"wp","href":"https:\/\/api.w.org\/{rel}","templated":true}]}}