{"id":83326,"date":"2016-03-30T21:27:45","date_gmt":"2016-03-31T00:27:45","guid":{"rendered":"http:\/\/www.redenoticia.com.br\/noticia\/?p=83326"},"modified":"2016-04-05T19:44:15","modified_gmt":"2016-04-05T22:44:15","slug":"novela-velho-chico-resumo-3103-povoado-lamenta-a-morte-de-belmiro","status":"publish","type":"post","link":"https:\/\/migracao.redenoticia.com.br\/noticia\/2016\/novela-velho-chico-resumo-3103-povoado-lamenta-a-morte-de-belmiro\/83326","title":{"rendered":"Novela \u201cVelho Chico\u201d resumo 31\/03: povoado lamenta a morte de Belmiro"},"content":{"rendered":"<p> <img loading=\"lazy\" decoding=\"async\" class=\"alignleft size-thumbnail wp-image-82169\" src=\"https:\/\/migracao.redenoticia.com.br\/noticia\/imagens\/velho_chico_novela_resumo_globo-150x112.jpg\" alt=\"velho_chico_novela_resumo_globo\" width=\"150\" height=\"112\" srcset=\"https:\/\/migracao.redenoticia.com.br\/noticia\/imagens\/velho_chico_novela_resumo_globo-150x112.jpg 150w, https:\/\/migracao.redenoticia.com.br\/noticia\/imagens\/velho_chico_novela_resumo_globo-265x198.jpg 265w\" sizes=\"auto, (max-width: 150px) 100vw, 150px\" \/><strong><em>Novela \u201cVelho Chico\u201d resumo 31\/03<\/em><\/strong>: Belmiro acredita no amor de Santo por Tereza e o acompanha at\u00e9 a fazenda de Afr\u00e2nio. Belmiro fala com Afr\u00e2nio sobre o amor dos filhos. Santo enfrenta Afr\u00e2nio e lamenta n\u00e3o ter conseguido falar com Tereza. Enciumado, C\u00edcero prepara uma emboscada para Santo. Belmiro sente um mau pressentimento e vai atr\u00e1s de Santo. Ao avistar C\u00edcero, Belmiro se joga na frente de seu filho e \u00e9 baleado. Belmiro n\u00e3o resiste ao ferimento, e Bento jura vingan\u00e7a ao assassino de seu pai. O povoado de Grotas de S\u00e3o Francisco fica em como\u00e7\u00e3o com a morte de Belmiro.<\/p>\n<p>No capitulo 016 (*), novela \u201cVelho Chico\u201d, quinta-feira, 31 de mar\u00e7o \u2013 Belmiro avista C\u00edcero e se coloca na frente de Santo para defender o filho. C\u00edcero chega em casa, e Doninha percebe seu nervosismo. <\/p>\n<p>Piedade se desespera ao saber que o marido foi baleado. Belmiro n\u00e3o resiste ao ferimento, e Bento jura vingan\u00e7a ao assassino de seu pai. <\/p>\n<p>Santo e Eul\u00e1lia tentam prestar queixa contra Afr\u00e2nio. O delegado se assusta com a como\u00e7\u00e3o do povo ap\u00f3s a morte de Belmiro. <\/p>\n<p>(*) edi\u00e7\u00e3o da Rede Globo, Novela \u201cVelho Chico\u201d, sujeito a altera\u00e7\u00e3o de data e conte\u00fado. <\/p>\n","protected":false},"excerpt":{"rendered":"<p>Novela \u201cVelho Chico\u201d resumo 31\/03: Belmiro acredita no amor de Santo por Tereza e o acompanha at\u00e9 a fazenda de Afr\u00e2nio. Belmiro fala com Afr\u00e2nio sobre o amor dos filhos. Santo enfrenta Afr\u00e2nio e lamenta n\u00e3o ter conseguido falar com Tereza. Enciumado, C\u00edcero prepara uma emboscada para Santo. Belmiro sente um mau pressentimento e vai [&hellip;]<\/p>\n","protected":false},"author":2,"featured_media":82169,"comment_status":"open","ping_status":"closed","sticky":false,"template":"","format":"standard","meta":{"tdm_status":"","tdm_grid_status":"","footnotes":""},"categories":[379,375,343],"tags":[441],"class_list":{"0":"post-83326","1":"post","2":"type-post","3":"status-publish","4":"format-standard","5":"has-post-thumbnail","7":"category-novelas","8":"category-rede-globo","9":"category-televisao","10":"tag-resumo-do-dia"},"_links":{"self":[{"href":"https:\/\/migracao.redenoticia.com.br\/noticia\/wp-json\/wp\/v2\/posts\/83326","targetHints":{"allow":["GET"]}}],"collection":[{"href":"https:\/\/migracao.redenoticia.com.br\/noticia\/wp-json\/wp\/v2\/posts"}],"about":[{"href":"https:\/\/migracao.redenoticia.com.br\/noticia\/wp-json\/wp\/v2\/types\/post"}],"author":[{"embeddable":true,"href":"https:\/\/migracao.redenoticia.com.br\/noticia\/wp-json\/wp\/v2\/users\/2"}],"replies":[{"embeddable":true,"href":"https:\/\/migracao.redenoticia.com.br\/noticia\/wp-json\/wp\/v2\/comments?post=83326"}],"version-history":[{"count":0,"href":"https:\/\/migracao.redenoticia.com.br\/noticia\/wp-json\/wp\/v2\/posts\/83326\/revisions"}],"wp:featuredmedia":[{"embeddable":true,"href":"https:\/\/migracao.redenoticia.com.br\/noticia\/wp-json\/wp\/v2\/media\/82169"}],"wp:attachment":[{"href":"https:\/\/migracao.redenoticia.com.br\/noticia\/wp-json\/wp\/v2\/media?parent=83326"}],"wp:term":[{"taxonomy":"category","embeddable":true,"href":"https:\/\/migracao.redenoticia.com.br\/noticia\/wp-json\/wp\/v2\/categories?post=83326"},{"taxonomy":"post_tag","embeddable":true,"href":"https:\/\/migracao.redenoticia.com.br\/noticia\/wp-json\/wp\/v2\/tags?post=83326"}],"curies":[{"name":"wp","href":"https:\/\/api.w.org\/{rel}","templated":true}]}}