{"id":83335,"date":"2016-03-30T15:42:36","date_gmt":"2016-03-30T18:42:36","guid":{"rendered":"http:\/\/www.redenoticia.com.br\/noticia\/?p=83335"},"modified":"2016-03-30T15:42:36","modified_gmt":"2016-03-30T18:42:36","slug":"novela-cuidado-com-o-anjo-resumo-3103-joao-miguel-encontra-o-filho","status":"publish","type":"post","link":"https:\/\/migracao.redenoticia.com.br\/noticia\/2016\/novela-cuidado-com-o-anjo-resumo-3103-joao-miguel-encontra-o-filho\/83335","title":{"rendered":"Novela \u201cCuidado com o Anjo\u201d resumo 31\/03: Jo\u00e3o Miguel encontra o filho"},"content":{"rendered":"<p> <img loading=\"lazy\" decoding=\"async\" src=\"https:\/\/migracao.redenoticia.com.br\/noticia\/imagens\/cuidado-com-o-anjo-novela-resumo-capitulo-sbt-episodio-150x112.jpg\" alt=\"cuidado com o anjo novela resumo capitulo sbt episodio\" width=\"150\" height=\"112\" class=\"alignleft size-thumbnail wp-image-82049\" srcset=\"https:\/\/migracao.redenoticia.com.br\/noticia\/imagens\/cuidado-com-o-anjo-novela-resumo-capitulo-sbt-episodio-150x112.jpg 150w, https:\/\/migracao.redenoticia.com.br\/noticia\/imagens\/cuidado-com-o-anjo-novela-resumo-capitulo-sbt-episodio-265x198.jpg 265w\" sizes=\"auto, (max-width: 150px) 100vw, 150px\" \/><strong><em>Novela \u201cCuidado com o Anjo\u201d resumo 31\/03<\/em><\/strong>: Mal\u00fa sofre um acidente e, por estar sozinha e cega, perde o filho. Ela se desespera e os pais a convencem a viver com eles. Cec\u00edlia tenta consolar Mal\u00fa pela dor de n\u00e3o ter o filho ao seu lado. O delegado comunica a Jo\u00e3o Miguel que existe uma pista e eles encontram Firmina e seu companheiro. O casal nega ter ficado com o beb\u00ea mas, depois de uma visita de Mal\u00fa, eles procuram Jo\u00e3o Miguel. Firmina conta que o beb\u00ea ficou doente o deixaram em um orfanato. Jo\u00e3o Miguel encontra o filho muito doente.<\/p>\n<p>No capitulo 089(*), novela \u201cCuidado com o Anjo\u201d, quinta-feira, 31 de mar\u00e7o \u2013 Cec\u00edlia e Patr\u00edcio visitam Mal\u00fa para consol\u00e1-la e a convencem a viver com eles. O casal se preocupa com a sa\u00fade do beb\u00ea e temem que algo possa lhe acontecer. Patr\u00edcio instala a filha no quarto que pertenceu a Estef\u00e2nia e promete que nunca mais lhe faltar\u00e1 amor e prote\u00e7\u00e3o. Cec\u00edlia tenta consolar a filha pela dor de n\u00e3o ter o filho ao seu lado. O delegado comunica a Jo\u00e3o Miguel que existe uma pista sobre o paradeiro de seu filho, pois no dia do acidente, uma mulher foi vista carregando uma crian\u00e7a numa atitude suspeita. Patr\u00edcio comparece ao julgamento de Estef\u00e2nia como testemunha e acusa Estef\u00e2nia de tentativa de homic\u00eddio contra sua filha. <\/p>\n<p>Durante o depoimento, Patr\u00edcio passa mal e Cec\u00edlia assume seu lugar para continuar contando tudo que Estef\u00e2nia fez contra Mal\u00fa. A pol\u00edcia consegue identificar Firmina e vai at\u00e9 a casa dela com Jo\u00e3o Miguel. Amador tamb\u00e9m dep\u00f5e contra Estef\u00e2nia e ela o enfrenta no tribunal. A pol\u00edcia n\u00e3o encontra o beb\u00ea e o casal nega que o tenha encontrado. Mal\u00fa pede a padre Anselmo que a leve at\u00e9 a casa de Firmina e, chegando l\u00e1, suplica que lhe diga o que aconteceu com seu filho. Mal\u00fa conta ao casal como tudo aconteceu, mas eles continuam dizendo que n\u00e3o sabem de nada. Depois, o casal se arrepende de ter mentido e saem atr\u00e1s de Mal\u00fa e padre Anselmo, mas n\u00e3o conseguem encontr\u00e1-los. Firmina e Pedro procuram Jo\u00e3o Miguel, confessam que estavam com seu filho, mas quando ficou doente o deixaram em um orfanato. <\/p>\n<p>Mal\u00fa chora desconsolada acreditando que seu filho est\u00e1 morto. Jo\u00e3o Miguel encontra o filho que, continua muito doente. Mal\u00fa diz \u00e0 m\u00e3e que tem um terr\u00edvel pressentimento sobre seu filho. Mal\u00fa se dirige ao tribunal para depor contra Estef\u00e2nia que a espera com uma \u201csurpresa\u201d. Enquanto Mal\u00fa dep\u00f5e no tribunal, Jo\u00e3o Miguel se pergunta se deve dizer a ela que encontrou seu filho, pois o estado do beb\u00ea \u00e9 grave e ele corre o risco de morrer. Estef\u00e2nia finge estar louca, faz terr\u00edveis acusa\u00e7\u00f5es contra Mal\u00fa e diz a todos que ela \u00e9 um dem\u00f4nio com cara de anjo. O m\u00e9dico diz a Jo\u00e3o Miguel que o beb\u00ea vai se recuperar e logo poder\u00e1 lev\u00e1-lo para casa. Leopardo volta de sua viagem com Branca para depor contra Estef\u00e2nia. Mal\u00fa j\u00e1 n\u00e3o acredita que volte a ver o filho e se culpa pelo que aconteceu. Enquanto isso, Jo\u00e3o Miguel est\u00e1 feliz, pois seu filho est\u00e1 fora de perigo.<\/p>\n<p>(*) edi\u00e7\u00e3o do SBT, Novela \u201cCuidado com o Anjo\u201d, sujeito a altera\u00e7\u00e3o de data e conte\u00fado.<\/p>\n","protected":false},"excerpt":{"rendered":"<p>Novela \u201cCuidado com o Anjo\u201d resumo 31\/03: Mal\u00fa sofre um acidente e, por estar sozinha e cega, perde o filho. Ela se desespera e os pais a convencem a viver com eles. Cec\u00edlia tenta consolar Mal\u00fa pela dor de n\u00e3o ter o filho ao seu lado. O delegado comunica a Jo\u00e3o Miguel que existe uma [&hellip;]<\/p>\n","protected":false},"author":2,"featured_media":82049,"comment_status":"open","ping_status":"closed","sticky":false,"template":"","format":"standard","meta":{"tdm_status":"","tdm_grid_status":"","footnotes":""},"categories":[379,372,343],"tags":[],"class_list":{"0":"post-83335","1":"post","2":"type-post","3":"status-publish","4":"format-standard","5":"has-post-thumbnail","7":"category-novelas","8":"category-sbt","9":"category-televisao"},"_links":{"self":[{"href":"https:\/\/migracao.redenoticia.com.br\/noticia\/wp-json\/wp\/v2\/posts\/83335","targetHints":{"allow":["GET"]}}],"collection":[{"href":"https:\/\/migracao.redenoticia.com.br\/noticia\/wp-json\/wp\/v2\/posts"}],"about":[{"href":"https:\/\/migracao.redenoticia.com.br\/noticia\/wp-json\/wp\/v2\/types\/post"}],"author":[{"embeddable":true,"href":"https:\/\/migracao.redenoticia.com.br\/noticia\/wp-json\/wp\/v2\/users\/2"}],"replies":[{"embeddable":true,"href":"https:\/\/migracao.redenoticia.com.br\/noticia\/wp-json\/wp\/v2\/comments?post=83335"}],"version-history":[{"count":0,"href":"https:\/\/migracao.redenoticia.com.br\/noticia\/wp-json\/wp\/v2\/posts\/83335\/revisions"}],"wp:featuredmedia":[{"embeddable":true,"href":"https:\/\/migracao.redenoticia.com.br\/noticia\/wp-json\/wp\/v2\/media\/82049"}],"wp:attachment":[{"href":"https:\/\/migracao.redenoticia.com.br\/noticia\/wp-json\/wp\/v2\/media?parent=83335"}],"wp:term":[{"taxonomy":"category","embeddable":true,"href":"https:\/\/migracao.redenoticia.com.br\/noticia\/wp-json\/wp\/v2\/categories?post=83335"},{"taxonomy":"post_tag","embeddable":true,"href":"https:\/\/migracao.redenoticia.com.br\/noticia\/wp-json\/wp\/v2\/tags?post=83335"}],"curies":[{"name":"wp","href":"https:\/\/api.w.org\/{rel}","templated":true}]}}