{"id":83339,"date":"2016-03-30T15:46:00","date_gmt":"2016-03-30T18:46:00","guid":{"rendered":"http:\/\/www.redenoticia.com.br\/noticia\/?p=83339"},"modified":"2016-03-30T15:46:00","modified_gmt":"2016-03-30T18:46:00","slug":"novela-abismo-da-paixao-resumo-3103-estefania-surpreende-carmen-e-rogerio","status":"publish","type":"post","link":"https:\/\/migracao.redenoticia.com.br\/noticia\/2016\/novela-abismo-da-paixao-resumo-3103-estefania-surpreende-carmen-e-rogerio\/83339","title":{"rendered":"Novela \u201cAbismo da Paix\u00e3o\u201d resumo 31\/03: Estef\u00e2nia surpreende Carmen e Rog\u00e9rio"},"content":{"rendered":"<p> <img loading=\"lazy\" decoding=\"async\" class=\"alignleft size-thumbnail wp-image-81978\" src=\"https:\/\/migracao.redenoticia.com.br\/noticia\/imagens\/abismo_de_paixao_sbt_resumo_novela-150x112.jpg\" alt=\"abismo_de_paixao_sbt_resumo_novela\" width=\"150\" height=\"112\" srcset=\"https:\/\/migracao.redenoticia.com.br\/noticia\/imagens\/abismo_de_paixao_sbt_resumo_novela-150x112.jpg 150w, https:\/\/migracao.redenoticia.com.br\/noticia\/imagens\/abismo_de_paixao_sbt_resumo_novela-265x198.jpg 265w\" sizes=\"auto, (max-width: 150px) 100vw, 150px\" \/><strong><em>Novela \u201cAbismo da Paix\u00e3o\u201d resumo 31\/03<\/em><\/strong>: Rog\u00e9rio decide fugir com Carmen, mas pede que ela espere duas semanas para ele arrumar tudo. Estef\u00e2nia surpreende Carmen e Rog\u00e9rio aos beijos e amea\u00e7a contar para Augusto. Quando Estef\u00e2nia vai falar do caso para o marido, Carmen a interrompe e os diz que ir\u00e1 embora do povoado nos pr\u00f3ximos dias. Mais tarde, Carmen coloca o perfume de Estef\u00e2nia e encontra Rog\u00e9rio na seu escrit\u00f3rio. Almerinda chega e Carmen se esconde.<\/p>\n<p>No cap\u00edtulo 004(*), novela \u201cAbismo da Paix\u00e3o\u201d, quinta-feira, 31 de mar\u00e7o \u2013 O Padre Lupe diz a Carmen que ela est\u00e1 louca, ela responde que est\u00e1 louca sim, mas de raiva por viver perto do homem que ama e saber que ele est\u00e1 casado com sua irm\u00e3, e que jamais perdoar\u00e1 Estef\u00e2nia por ter roubado dela o homem de sua vida, Augusto. O padre responde que Estef\u00e2nia n\u00e3o a roubou nada, pois Augusto sempre foi apaixonado por ela, Carmen o adverte que se Augusto n\u00e3o ficar com ela, n\u00e3o medir\u00e1 esfor\u00e7os, nem poupar\u00e1 ningu\u00e9m, e ir\u00e1 conquist\u00e1-lo. Estef\u00e2nia diz a Augusto que ele precisa falar com Almerinda, pois os boatos que ela espalha podem chegar aos ouvidos das crian\u00e7as, e isso faria mal a elas. <\/p>\n<p>Almerinda volta a jogar na cara de Rog\u00e9rio que ele tem uma amante, e o diz que teria valido mais se estivesse se casado com um \u201cJo\u00e3o Ningu\u00e9m\u201d do que com ele, pois o \u201cJo\u00e3o Ningu\u00e9m\u201d a valorizaria. Rog\u00e9rio furioso responde que ainda \u00e9 tempo de remediar as coisas. Rog\u00e9rio reclama com Carmen por ela estar paquerando outro homem em um bar, ela responde que \u00e9 solteira e n\u00e3o tem que dar conta de nada \u00e1 ningu\u00e9m. Rog\u00e9rio diz a Carmen que aceita fugir com ela, e que ela espere apenas duas semanas para ele arrumar tudo, e assim eles fogem. Estef\u00e2nia surpreende Carmen e Rog\u00e9rio aos beijos e reclama com a irm\u00e3 por estar tendo uma rela\u00e7\u00e3o com um homem casado, e ainda permitir que ela fique com a fama de estar acabando com um casamento, finaliza dizendo que Augusto ter\u00e1 que saber do ocorrido. <\/p>\n<p>Carmen, hip\u00f3crita, diz a irm\u00e3 que ela e Rog\u00e9rio s\u00f3 estavam se despedindo e a jura que essa rela\u00e7\u00e3o j\u00e1 chegou ao fim, ela suplica para que Estef\u00e2nia n\u00e3o diga nada \u00e1 Augusto. Carmen procura Rog\u00e9rio e o diz que eles precisam fugir o mais r\u00e1pido poss\u00edvel, pois sua irm\u00e3 j\u00e1 sabe que s\u00e3o amantes e logo todos saber\u00e3o. Rog\u00e9rio diz a Carmen que eles deveriam enfrentar Almerinda e Augusto. Carmen, hip\u00f3crita, diz n\u00e3o ter for\u00e7as para isso, e n\u00e3o deseja enfrentar ningu\u00e9m para viver esse amor. Estef\u00e2nia est\u00e1 a ponto de dizer tudo \u00e1 Augusto, mas Carmen astuta a interrompe, e os diz que ir\u00e1 embora do povoado nos pr\u00f3ximos dias. Carmen p\u00f5e novamente o perfume de Estef\u00e2nia para ir atr\u00e1s de Rog\u00e9rio em seu escrit\u00f3rio, Almerinda chega e Carmen se esconde. Almerinda furiosa diz a Rog\u00e9rio que seu escrit\u00f3rio cheira a perfume de mulher, e certamente esse \u00e9 o perfume de sua amante.  <\/p>\n<p>(*) edi\u00e7\u00e3o do SBT, Novela \u201cAbismo da Paix\u00e3o\u201d, sujeito a altera\u00e7\u00e3o de data e conte\u00fado.<\/p>\n","protected":false},"excerpt":{"rendered":"<p>Novela \u201cAbismo da Paix\u00e3o\u201d resumo 31\/03: Rog\u00e9rio decide fugir com Carmen, mas pede que ela espere duas semanas para ele arrumar tudo. Estef\u00e2nia surpreende Carmen e Rog\u00e9rio aos beijos e amea\u00e7a contar para Augusto. Quando Estef\u00e2nia vai falar do caso para o marido, Carmen a interrompe e os diz que ir\u00e1 embora do povoado nos [&hellip;]<\/p>\n","protected":false},"author":2,"featured_media":81978,"comment_status":"open","ping_status":"closed","sticky":false,"template":"","format":"standard","meta":{"tdm_status":"","tdm_grid_status":"","footnotes":""},"categories":[379,372,343],"tags":[],"class_list":{"0":"post-83339","1":"post","2":"type-post","3":"status-publish","4":"format-standard","5":"has-post-thumbnail","7":"category-novelas","8":"category-sbt","9":"category-televisao"},"_links":{"self":[{"href":"https:\/\/migracao.redenoticia.com.br\/noticia\/wp-json\/wp\/v2\/posts\/83339","targetHints":{"allow":["GET"]}}],"collection":[{"href":"https:\/\/migracao.redenoticia.com.br\/noticia\/wp-json\/wp\/v2\/posts"}],"about":[{"href":"https:\/\/migracao.redenoticia.com.br\/noticia\/wp-json\/wp\/v2\/types\/post"}],"author":[{"embeddable":true,"href":"https:\/\/migracao.redenoticia.com.br\/noticia\/wp-json\/wp\/v2\/users\/2"}],"replies":[{"embeddable":true,"href":"https:\/\/migracao.redenoticia.com.br\/noticia\/wp-json\/wp\/v2\/comments?post=83339"}],"version-history":[{"count":0,"href":"https:\/\/migracao.redenoticia.com.br\/noticia\/wp-json\/wp\/v2\/posts\/83339\/revisions"}],"wp:featuredmedia":[{"embeddable":true,"href":"https:\/\/migracao.redenoticia.com.br\/noticia\/wp-json\/wp\/v2\/media\/81978"}],"wp:attachment":[{"href":"https:\/\/migracao.redenoticia.com.br\/noticia\/wp-json\/wp\/v2\/media?parent=83339"}],"wp:term":[{"taxonomy":"category","embeddable":true,"href":"https:\/\/migracao.redenoticia.com.br\/noticia\/wp-json\/wp\/v2\/categories?post=83339"},{"taxonomy":"post_tag","embeddable":true,"href":"https:\/\/migracao.redenoticia.com.br\/noticia\/wp-json\/wp\/v2\/tags?post=83339"}],"curies":[{"name":"wp","href":"https:\/\/api.w.org\/{rel}","templated":true}]}}