{"id":83350,"date":"2016-03-30T17:53:49","date_gmt":"2016-03-30T20:53:49","guid":{"rendered":"http:\/\/www.redenoticia.com.br\/noticia\/?p=83350"},"modified":"2016-03-30T15:55:10","modified_gmt":"2016-03-30T18:55:10","slug":"novela-meu-coracao-e-teu-resumo-3103-diego-descobre-que-ana-e-dancarina","status":"publish","type":"post","link":"https:\/\/migracao.redenoticia.com.br\/noticia\/2016\/novela-meu-coracao-e-teu-resumo-3103-diego-descobre-que-ana-e-dancarina\/83350","title":{"rendered":"Novela \u201cMeu Cora\u00e7\u00e3o \u00e9 Teu\u201d resumo 31\/03: Diego descobre que Ana \u00e9 dan\u00e7arina"},"content":{"rendered":"<p> <img loading=\"lazy\" decoding=\"async\" src=\"https:\/\/migracao.redenoticia.com.br\/noticia\/imagens\/meu_coracao_e_teu_novela_resumo_sbt-150x112.jpg\" alt=\"meu_coracao_e_teu_novela_resumo_sbt\" width=\"150\" height=\"112\" class=\"alignleft size-thumbnail wp-image-82119\" srcset=\"https:\/\/migracao.redenoticia.com.br\/noticia\/imagens\/meu_coracao_e_teu_novela_resumo_sbt-150x112.jpg 150w, https:\/\/migracao.redenoticia.com.br\/noticia\/imagens\/meu_coracao_e_teu_novela_resumo_sbt-265x198.jpg 265w\" sizes=\"auto, (max-width: 150px) 100vw, 150px\" \/><strong><em>Novela \u201cMeu Cora\u00e7\u00e3o \u00e9 Teu\u201d resumo 31\/03<\/em><\/strong>: Diego fica cada vez mais pr\u00f3ximo de Ana e eles conversam sobre a rela\u00e7\u00e3o que ela teve com Fernando. Diego confessa para o irm\u00e3o que ama Ana e eles discutem. Logo depois, Diego descobre que Ana dan\u00e7a na noite e ela pede para ele guardar segredo. Ana resolve escrever uma carta para Fernando, na qual explica sobre sua vida dupla. <\/p>\n<p>No cap\u00edtulo 024 (*), novela \u201cMeu Cora\u00e7\u00e3o \u00e9 Teu\u201d, quinta-feira, 31 de mar\u00e7o \u2013 Sebasti\u00e3o briga com Alicia por ela ter dito a Ana que ele est\u00e1 vendo os garotos do hip hop. Fernando chega e descobre que existe um segredo entre os irm\u00e3os, Ana o explica tudo e diz que falou com Sebasti\u00e3o sobre o assunto da dan\u00e7a, mas que Fernando deve apoiar seu filho. Ana fala com Diego sobre sua rela\u00e7\u00e3o com Fernando. Neste instante, Nicolas chega e diz que Jennifer terminou com ele. Isabela passa horas provando vestidos de noiva e a vendedora se mostra esgotada at\u00e9 que, por fim, Isabela escolhe o vestido ideal. Fernando e Diego fazem as pazes, mas Diego deixa claro para Fernando que ama Ana. Eles voltam a brigar por ela. Diego vai falar com Jennifer no \u201cChicago\u201d e, por acidente, descobre que Ana tamb\u00e9m dan\u00e7a ali. Ana fala com Diego e implora para que ele n\u00e3o conte o que descobriu a Fernando. Ele diz que vai dizer. <\/p>\n<p>Jennifer comenta com Ana que n\u00e3o soube mais nada de Johnny e est\u00e1 muito preocupada com ele. Isabela fala com Fernando, mas ele \u00e9 seco e frio com ela. O segredo que Leon esconde de Fanny est\u00e1 pr\u00f3ximo de ser descoberto. Ana e Jennifer falam com Dorival para saber se ele sabe algo de Johnny. Dorival mente dizendo que o mandou fazer um casting para a \u201cChicago\u201d no interior e logo voltar\u00e1. Jennifer explica a Ana que terminou com Nicolas pelo problema de sa\u00fade que ela enfrenta e tamb\u00e9m porque j\u00e1 n\u00e3o pode mais ter filhos. Jennifer tamb\u00e9m diz que n\u00e3o ir\u00e1 receber um centavo de Nicolas para seu tratamento. Ana e Jennifer ficam preocupadas em como poder\u00e3o arcar com esses altos custos. Ana escreve uma carta para Fernando, na qual explica sobre sua vida dupla. Ela coloca a carta por debaixo da porta do quarto de Fernando e Diego a v\u00ea. Diego fala para Ana n\u00e3o se preocupar, pois n\u00e3o pensava em dizer nada a Fernando sobre seu trabalho na \u201cChicago\u201d. <\/p>\n<p>Ana se desespera e fala para Diego que agora eles precisam dar um jeito de recuperar a carta que est\u00e1 dentro do quarto de Fernando. Diego entra no quarto de Fernando e pega a carta de Ana. Ela a mastiga e diz a Fernando que era uma carta se desculpando com ele, mas como a ficou muito piegas, preferiu que ele n\u00e3o a lesse. Ana fica feliz por Fernando n\u00e3o ter lido a carta. Diego diz a Nando que se ele precisar de conselhos sobre mulheres, ele pode dar. Fernando tamb\u00e9m oferece o mesmo favor ao filho. Ana fala com Dorival para pedir que ele assuma os gastos m\u00e9dicos de Jennifer. Ele a diz que emprestar\u00e1 o dinheiro, mas que em troca ela ter\u00e1 que seguir trabalhando no Chicago. Diego diz a Nando que tem sentimentos por Ana. Nando o responde que \u00e9 uma situa\u00e7\u00e3o complicada, pois seu pai tamb\u00e9m ama Ana.<\/p>\n<p>(*) edi\u00e7\u00e3o do SBT, Novela \u201cMeu Cora\u00e7\u00e3o \u00e9 Teu\u201d, sujeito a altera\u00e7\u00e3o de data e conte\u00fado.<\/p>\n","protected":false},"excerpt":{"rendered":"<p>Novela \u201cMeu Cora\u00e7\u00e3o \u00e9 Teu\u201d resumo 31\/03: Diego fica cada vez mais pr\u00f3ximo de Ana e eles conversam sobre a rela\u00e7\u00e3o que ela teve com Fernando. Diego confessa para o irm\u00e3o que ama Ana e eles discutem. Logo depois, Diego descobre que Ana dan\u00e7a na noite e ela pede para ele guardar segredo. Ana resolve [&hellip;]<\/p>\n","protected":false},"author":2,"featured_media":82119,"comment_status":"open","ping_status":"closed","sticky":false,"template":"","format":"standard","meta":{"tdm_status":"","tdm_grid_status":"","footnotes":""},"categories":[379,372,343],"tags":[],"class_list":{"0":"post-83350","1":"post","2":"type-post","3":"status-publish","4":"format-standard","5":"has-post-thumbnail","7":"category-novelas","8":"category-sbt","9":"category-televisao"},"_links":{"self":[{"href":"https:\/\/migracao.redenoticia.com.br\/noticia\/wp-json\/wp\/v2\/posts\/83350","targetHints":{"allow":["GET"]}}],"collection":[{"href":"https:\/\/migracao.redenoticia.com.br\/noticia\/wp-json\/wp\/v2\/posts"}],"about":[{"href":"https:\/\/migracao.redenoticia.com.br\/noticia\/wp-json\/wp\/v2\/types\/post"}],"author":[{"embeddable":true,"href":"https:\/\/migracao.redenoticia.com.br\/noticia\/wp-json\/wp\/v2\/users\/2"}],"replies":[{"embeddable":true,"href":"https:\/\/migracao.redenoticia.com.br\/noticia\/wp-json\/wp\/v2\/comments?post=83350"}],"version-history":[{"count":0,"href":"https:\/\/migracao.redenoticia.com.br\/noticia\/wp-json\/wp\/v2\/posts\/83350\/revisions"}],"wp:featuredmedia":[{"embeddable":true,"href":"https:\/\/migracao.redenoticia.com.br\/noticia\/wp-json\/wp\/v2\/media\/82119"}],"wp:attachment":[{"href":"https:\/\/migracao.redenoticia.com.br\/noticia\/wp-json\/wp\/v2\/media?parent=83350"}],"wp:term":[{"taxonomy":"category","embeddable":true,"href":"https:\/\/migracao.redenoticia.com.br\/noticia\/wp-json\/wp\/v2\/categories?post=83350"},{"taxonomy":"post_tag","embeddable":true,"href":"https:\/\/migracao.redenoticia.com.br\/noticia\/wp-json\/wp\/v2\/tags?post=83350"}],"curies":[{"name":"wp","href":"https:\/\/api.w.org\/{rel}","templated":true}]}}