{"id":83354,"date":"2016-03-30T20:56:50","date_gmt":"2016-03-30T23:56:50","guid":{"rendered":"http:\/\/www.redenoticia.com.br\/noticia\/?p=83354"},"modified":"2016-04-05T19:44:16","modified_gmt":"2016-04-05T22:44:16","slug":"novela-carrossel-resumo-3103-jorge-discute-com-maria-joaquina","status":"publish","type":"post","link":"https:\/\/migracao.redenoticia.com.br\/noticia\/2016\/novela-carrossel-resumo-3103-jorge-discute-com-maria-joaquina\/83354","title":{"rendered":"Novela \u201cCarrossel\u201d resumo 31\/03: Jorge discute com Maria Joaquina"},"content":{"rendered":"<p> <img loading=\"lazy\" decoding=\"async\" src=\"https:\/\/migracao.redenoticia.com.br\/noticia\/imagens\/Carrossel_resumo_novela_sbt-150x112.jpg\" alt=\"Carrossel_resumo_novela_sbt\" width=\"150\" height=\"112\" class=\"alignleft size-thumbnail wp-image-82147\" srcset=\"https:\/\/migracao.redenoticia.com.br\/noticia\/imagens\/Carrossel_resumo_novela_sbt-150x112.jpg 150w, https:\/\/migracao.redenoticia.com.br\/noticia\/imagens\/Carrossel_resumo_novela_sbt-265x198.jpg 265w\" sizes=\"auto, (max-width: 150px) 100vw, 150px\" \/><strong><em>Novela \u201cCarrossel\u201d resumo 31\/03<\/em><\/strong>: a entrega dos pr\u00eamios do projeto de audiovisual foi um sucesso. Os professores, os funcion\u00e1rios e at\u00e9 a diretora Ol\u00edvia ficaram emocionados com a alegria das crian\u00e7as. Helena agradece a diretora Ol\u00edvia pela ajuda na organiza\u00e7\u00e3o da premia\u00e7\u00e3o. No final da festa Helena pede para Paulo, Jorge e Maria Joaquina esperarem na sala dos professores para uma conversa. Enquanto isso, Jorge discute com Maria Joaquina.<\/p>\n<p>No capitulo 275(*), novela \u201cCarrossel\u201d, quinta-feira, 31 de mar\u00e7o \u2013 Os ganhadores da premia\u00e7\u00e3o do projeto de audiovisual da Escola Mundial s\u00e3o anunciados pelos professores Helena e Ren\u00ea. Carmen recebe o Trof\u00e9u Olivitos como melhor diretora, Marcelina, como melhor roteiro e Adriano, como melhor filme. <\/p>\n<p>Suzana espia a festa dos alunos do terceiro ano e fica irritada ao ver a diretora Ol\u00edvia animada com o evento. Ol\u00edvia se emociona ao ver os alunos recebendo os trof\u00e9us e comemora com as crian\u00e7as. Gra\u00e7a percebe que algu\u00e9m mexeu em seu carrinho de produtos de limpeza. <\/p>\n<p>Helena agradece a diretora Ol\u00edvia pela ajuda na organiza\u00e7\u00e3o da premia\u00e7\u00e3o. A professora pede para Paulo, Jorge e Maria Joaquina esperarem na sala dos professores para uma conversa. Cirilo pede a Helena para que n\u00e3o castigue Maria Joaquina. A professora esclarece que quer apenas compreender a atitude da aluna. No p\u00e1tio, Jorge discute com a patricinha e diz que n\u00e3o pode mais contar com ela.<\/p>\n<p>(*) edi\u00e7\u00e3o do SBT, Novela \u201cCarrossel\u201d, sujeito a altera\u00e7\u00e3o de data e conte\u00fado. <\/p>\n","protected":false},"excerpt":{"rendered":"<p>Novela \u201cCarrossel\u201d resumo 31\/03: a entrega dos pr\u00eamios do projeto de audiovisual foi um sucesso. Os professores, os funcion\u00e1rios e at\u00e9 a diretora Ol\u00edvia ficaram emocionados com a alegria das crian\u00e7as. Helena agradece a diretora Ol\u00edvia pela ajuda na organiza\u00e7\u00e3o da premia\u00e7\u00e3o. No final da festa Helena pede para Paulo, Jorge e Maria Joaquina esperarem [&hellip;]<\/p>\n","protected":false},"author":2,"featured_media":82147,"comment_status":"open","ping_status":"closed","sticky":false,"template":"","format":"standard","meta":{"tdm_status":"","tdm_grid_status":"","footnotes":""},"categories":[379,372,343],"tags":[441],"class_list":{"0":"post-83354","1":"post","2":"type-post","3":"status-publish","4":"format-standard","5":"has-post-thumbnail","7":"category-novelas","8":"category-sbt","9":"category-televisao","10":"tag-resumo-do-dia"},"_links":{"self":[{"href":"https:\/\/migracao.redenoticia.com.br\/noticia\/wp-json\/wp\/v2\/posts\/83354","targetHints":{"allow":["GET"]}}],"collection":[{"href":"https:\/\/migracao.redenoticia.com.br\/noticia\/wp-json\/wp\/v2\/posts"}],"about":[{"href":"https:\/\/migracao.redenoticia.com.br\/noticia\/wp-json\/wp\/v2\/types\/post"}],"author":[{"embeddable":true,"href":"https:\/\/migracao.redenoticia.com.br\/noticia\/wp-json\/wp\/v2\/users\/2"}],"replies":[{"embeddable":true,"href":"https:\/\/migracao.redenoticia.com.br\/noticia\/wp-json\/wp\/v2\/comments?post=83354"}],"version-history":[{"count":0,"href":"https:\/\/migracao.redenoticia.com.br\/noticia\/wp-json\/wp\/v2\/posts\/83354\/revisions"}],"wp:featuredmedia":[{"embeddable":true,"href":"https:\/\/migracao.redenoticia.com.br\/noticia\/wp-json\/wp\/v2\/media\/82147"}],"wp:attachment":[{"href":"https:\/\/migracao.redenoticia.com.br\/noticia\/wp-json\/wp\/v2\/media?parent=83354"}],"wp:term":[{"taxonomy":"category","embeddable":true,"href":"https:\/\/migracao.redenoticia.com.br\/noticia\/wp-json\/wp\/v2\/categories?post=83354"},{"taxonomy":"post_tag","embeddable":true,"href":"https:\/\/migracao.redenoticia.com.br\/noticia\/wp-json\/wp\/v2\/tags?post=83354"}],"curies":[{"name":"wp","href":"https:\/\/api.w.org\/{rel}","templated":true}]}}