{"id":83358,"date":"2016-03-30T20:34:25","date_gmt":"2016-03-30T23:34:25","guid":{"rendered":"http:\/\/www.redenoticia.com.br\/noticia\/?p=83358"},"modified":"2016-04-05T19:44:16","modified_gmt":"2016-04-05T22:44:16","slug":"novela-sila-resumo-3103-sila-e-ameacada-pelo-irmao-azad","status":"publish","type":"post","link":"https:\/\/migracao.redenoticia.com.br\/noticia\/2016\/novela-sila-resumo-3103-sila-e-ameacada-pelo-irmao-azad\/83358","title":{"rendered":"Novela \u201cSila\u201d resumo 31\/03: Sila \u00e9 amea\u00e7ada pelo irm\u00e3o Azad"},"content":{"rendered":"<p> <img loading=\"lazy\" decoding=\"async\" src=\"https:\/\/migracao.redenoticia.com.br\/noticia\/imagens\/sila_band_novela_resumo_capitulo-150x112.jpg\" alt=\"sila_band_novela_resumo_capitulo\" width=\"150\" height=\"112\" class=\"alignleft size-thumbnail wp-image-83098\" srcset=\"https:\/\/migracao.redenoticia.com.br\/noticia\/imagens\/sila_band_novela_resumo_capitulo-150x112.jpg 150w, https:\/\/migracao.redenoticia.com.br\/noticia\/imagens\/sila_band_novela_resumo_capitulo-265x198.jpg 265w\" sizes=\"auto, (max-width: 150px) 100vw, 150px\" \/><strong><em> Novela \u201cSila\u201d resumo 31\/03<\/em><\/strong>: Sila participa do casamento de Azad e Narin e dan\u00e7a com Boran (irm\u00e3o mais velho de Narin), o mais novo l\u00edder da tribo Mardin. Durante a festa, Azad leva Sila a um escrit\u00f3rio e confessa o real motivo de ela estar l\u00e1. Ele aponta uma arma para a irm\u00e3, afirma que ela deve se casar com Boran e, caso n\u00e3o aceite, ele a mata ali mesmo e, em seguida, se mata. <\/p>\n<p>No capitulo 003 (*), novela \u201cSila\u201d, quinta-feira, 31 de mar\u00e7o &#8211; Sila encontra Boran na estrada. O pai adotivo acompanha Sila na viagem e ela estranha o comportamento e os costumes da tribo. A fam\u00edlia de Sila prepara uma festa de casamento, mas ela nem sonha que ser\u00e1 a noiva. <\/p>\n<p>O pai adotivo de Sila decide ir embora do vilarejo e insiste em levar a filha, mas ela se recusa a ir. A m\u00e3e adotiva fica furiosa ao saber que Sila est\u00e1 sozinha. <\/p>\n<p>No dia do casamento, Sila dan\u00e7a com Boran sem saber que ele ser\u00e1 seu futuro marido. Sila \u00e9 amea\u00e7ada pelo irm\u00e3o e obrigada a assinar a certid\u00e3o de casamento.<\/p>\n<p>(*) edi\u00e7\u00e3o da Band, Novela \u201cSila\u201d, sujeito a altera\u00e7\u00e3o de data e conte\u00fado.<\/p>\n","protected":false},"excerpt":{"rendered":"<p>Novela \u201cSila\u201d resumo 31\/03: Sila participa do casamento de Azad e Narin e dan\u00e7a com Boran (irm\u00e3o mais velho de Narin), o mais novo l\u00edder da tribo Mardin. Durante a festa, Azad leva Sila a um escrit\u00f3rio e confessa o real motivo de ela estar l\u00e1. Ele aponta uma arma para a irm\u00e3, afirma que [&hellip;]<\/p>\n","protected":false},"author":2,"featured_media":83098,"comment_status":"open","ping_status":"closed","sticky":false,"template":"","format":"standard","meta":{"tdm_status":"","tdm_grid_status":"","footnotes":""},"categories":[390,379,343],"tags":[441],"class_list":{"0":"post-83358","1":"post","2":"type-post","3":"status-publish","4":"format-standard","5":"has-post-thumbnail","7":"category-band","8":"category-novelas","9":"category-televisao","10":"tag-resumo-do-dia"},"_links":{"self":[{"href":"https:\/\/migracao.redenoticia.com.br\/noticia\/wp-json\/wp\/v2\/posts\/83358","targetHints":{"allow":["GET"]}}],"collection":[{"href":"https:\/\/migracao.redenoticia.com.br\/noticia\/wp-json\/wp\/v2\/posts"}],"about":[{"href":"https:\/\/migracao.redenoticia.com.br\/noticia\/wp-json\/wp\/v2\/types\/post"}],"author":[{"embeddable":true,"href":"https:\/\/migracao.redenoticia.com.br\/noticia\/wp-json\/wp\/v2\/users\/2"}],"replies":[{"embeddable":true,"href":"https:\/\/migracao.redenoticia.com.br\/noticia\/wp-json\/wp\/v2\/comments?post=83358"}],"version-history":[{"count":0,"href":"https:\/\/migracao.redenoticia.com.br\/noticia\/wp-json\/wp\/v2\/posts\/83358\/revisions"}],"wp:featuredmedia":[{"embeddable":true,"href":"https:\/\/migracao.redenoticia.com.br\/noticia\/wp-json\/wp\/v2\/media\/83098"}],"wp:attachment":[{"href":"https:\/\/migracao.redenoticia.com.br\/noticia\/wp-json\/wp\/v2\/media?parent=83358"}],"wp:term":[{"taxonomy":"category","embeddable":true,"href":"https:\/\/migracao.redenoticia.com.br\/noticia\/wp-json\/wp\/v2\/categories?post=83358"},{"taxonomy":"post_tag","embeddable":true,"href":"https:\/\/migracao.redenoticia.com.br\/noticia\/wp-json\/wp\/v2\/tags?post=83358"}],"curies":[{"name":"wp","href":"https:\/\/api.w.org\/{rel}","templated":true}]}}