{"id":83362,"date":"2016-03-30T19:08:22","date_gmt":"2016-03-30T22:08:22","guid":{"rendered":"http:\/\/www.redenoticia.com.br\/noticia\/?p=83362"},"modified":"2016-04-05T19:44:16","modified_gmt":"2016-04-05T22:44:16","slug":"novela-eta-mundo-bom-resumo-3103-anastacia-se-aconselha-com-pancracio","status":"publish","type":"post","link":"https:\/\/migracao.redenoticia.com.br\/noticia\/2016\/novela-eta-mundo-bom-resumo-3103-anastacia-se-aconselha-com-pancracio\/83362","title":{"rendered":"Novela \u201cEta Mundo Bom\u201d resumo 31\/03: Anast\u00e1cia se aconselha com Pancr\u00e1cio"},"content":{"rendered":"<p> <img loading=\"lazy\" decoding=\"async\" class=\"alignleft size-thumbnail wp-image-82131\" src=\"https:\/\/migracao.redenoticia.com.br\/noticia\/imagens\/eta_mundo_bom_globo_novela_resumo-150x112.jpg\" alt=\"eta_mundo_bom_globo_novela_resumo\" width=\"150\" height=\"112\" srcset=\"https:\/\/migracao.redenoticia.com.br\/noticia\/imagens\/eta_mundo_bom_globo_novela_resumo-150x112.jpg 150w, https:\/\/migracao.redenoticia.com.br\/noticia\/imagens\/eta_mundo_bom_globo_novela_resumo-265x198.jpg 265w\" sizes=\"auto, (max-width: 150px) 100vw, 150px\" \/><strong><em>Novela \u201cEta Mundo Bom\u201d resumo 31\/03<\/em><\/strong>: Anast\u00e1cia fica muito feliz com a not\u00edcia do casamento de seu falso filho Candinho com sua sobrinha Sandra. Enquanto isso, Maria continua n\u00e3o acreditando neste Candinho que est\u00e1 na casa de sua patroa. Ela comenta com Anast\u00e1cia que estranha o sotaque do rapaz. Depois de conversar e se aconselhar com Pancr\u00e1cio, Anast\u00e1cia tamb\u00e9m desconfia do modo de falar do vigarista.<\/p>\n<p>No capitulo 064(*), novela \u201cEta Mundo Bom\u201d,  quinta-feira, 31 de mar\u00e7o \u2013 Filomena e Candinho trocam acusa\u00e7\u00f5es e ofensas e terminam seu relacionamento. Pancr\u00e1cio conforta Candinho. Braz repreende o comportamento de Diana. <\/p>\n<p>Anast\u00e1cia comemora a inten\u00e7\u00e3o de Ernesto se unir a Sandra. Celso cobra sua quantia pela participa\u00e7\u00e3o no plano de Sandra. Maria comenta com Anast\u00e1cia que estranha o sotaque de Ernesto. Romeu chega \u00e0 fazenda e confronta Cunegundes. <\/p>\n<p>Mafalda devolve o anel que Romeu lhe comprou. Pancr\u00e1cio e Anast\u00e1cia se aconselham um com o outro sobre os casos de Filomena e Ernesto. Anast\u00e1cia questiona o modo de falar de Ernesto.<\/p>\n<p>(*) edi\u00e7\u00e3o da Rede Globo, Novela \u201cEta Mundo Bom\u201d, sujeito a altera\u00e7\u00e3o de data e conte\u00fado.<\/p>\n","protected":false},"excerpt":{"rendered":"<p>Novela \u201cEta Mundo Bom\u201d resumo 31\/03: Anast\u00e1cia fica muito feliz com a not\u00edcia do casamento de seu falso filho Candinho com sua sobrinha Sandra. Enquanto isso, Maria continua n\u00e3o acreditando neste Candinho que est\u00e1 na casa de sua patroa. Ela comenta com Anast\u00e1cia que estranha o sotaque do rapaz. Depois de conversar e se aconselhar [&hellip;]<\/p>\n","protected":false},"author":2,"featured_media":82131,"comment_status":"open","ping_status":"closed","sticky":false,"template":"","format":"standard","meta":{"tdm_status":"","tdm_grid_status":"","footnotes":""},"categories":[379,375,343],"tags":[441],"class_list":{"0":"post-83362","1":"post","2":"type-post","3":"status-publish","4":"format-standard","5":"has-post-thumbnail","7":"category-novelas","8":"category-rede-globo","9":"category-televisao","10":"tag-resumo-do-dia"},"_links":{"self":[{"href":"https:\/\/migracao.redenoticia.com.br\/noticia\/wp-json\/wp\/v2\/posts\/83362","targetHints":{"allow":["GET"]}}],"collection":[{"href":"https:\/\/migracao.redenoticia.com.br\/noticia\/wp-json\/wp\/v2\/posts"}],"about":[{"href":"https:\/\/migracao.redenoticia.com.br\/noticia\/wp-json\/wp\/v2\/types\/post"}],"author":[{"embeddable":true,"href":"https:\/\/migracao.redenoticia.com.br\/noticia\/wp-json\/wp\/v2\/users\/2"}],"replies":[{"embeddable":true,"href":"https:\/\/migracao.redenoticia.com.br\/noticia\/wp-json\/wp\/v2\/comments?post=83362"}],"version-history":[{"count":0,"href":"https:\/\/migracao.redenoticia.com.br\/noticia\/wp-json\/wp\/v2\/posts\/83362\/revisions"}],"wp:featuredmedia":[{"embeddable":true,"href":"https:\/\/migracao.redenoticia.com.br\/noticia\/wp-json\/wp\/v2\/media\/82131"}],"wp:attachment":[{"href":"https:\/\/migracao.redenoticia.com.br\/noticia\/wp-json\/wp\/v2\/media?parent=83362"}],"wp:term":[{"taxonomy":"category","embeddable":true,"href":"https:\/\/migracao.redenoticia.com.br\/noticia\/wp-json\/wp\/v2\/categories?post=83362"},{"taxonomy":"post_tag","embeddable":true,"href":"https:\/\/migracao.redenoticia.com.br\/noticia\/wp-json\/wp\/v2\/tags?post=83362"}],"curies":[{"name":"wp","href":"https:\/\/api.w.org\/{rel}","templated":true}]}}