{"id":83384,"date":"2016-03-31T10:02:53","date_gmt":"2016-03-31T13:02:53","guid":{"rendered":"http:\/\/www.redenoticia.com.br\/noticia\/?p=83384"},"modified":"2016-03-30T20:04:33","modified_gmt":"2016-03-30T23:04:33","slug":"seminario-debatera-epidemias-de-dengue-zika-e-chikungunya","status":"publish","type":"post","link":"https:\/\/migracao.redenoticia.com.br\/noticia\/2016\/seminario-debatera-epidemias-de-dengue-zika-e-chikungunya\/83384","title":{"rendered":"Semin\u00e1rio debater\u00e1 epidemias de dengue, Zika e Chikungunya"},"content":{"rendered":"<p>Ag\u00eancia FAPESP \u2013 A Universidade Estadual Paulista (Unesp) realizar\u00e1, em Ribeir\u00e3o Preto, de 12 a 14 de abril, o \u201cSemin\u00e1rio e Mostra Tecnol\u00f3gica &#8211; Enfrentamento do <strong><em>Aedes aegypti<\/em><\/strong> e da epidemia de Dengue, Zika e Chikungunya: Ci\u00eancia, Tecnologia, Inova\u00e7\u00e3o e Pol\u00edticas P\u00fablicas\u201d. O objetivo \u00e9 promover a articula\u00e7\u00e3o e a troca de conhecimentos t\u00e9cnicos e de gest\u00e3o que contribuam na preven\u00e7\u00e3o das doen\u00e7as transmitidas pelo mosquito.<\/p>\n<p>&#8220;A situa\u00e7\u00e3o de crise que estamos enfrentando reflete o distanciamento entre os agentes respons\u00e1veis pelo desenvolvimento de tecnologias e os servi\u00e7os oficiais de sa\u00fade\u201d, avalia o presidente da Funda\u00e7\u00e3o para o Desenvolvimento da Unesp (Fundunesp), Edivaldo Domingues Velini. \u201cQueremos criar um ambiente para intera\u00e7\u00e3o dessas duas partes, integrar institui\u00e7\u00f5es e agentes envolvidos no manejo das popula\u00e7\u00f5es de mosquitos e das doen\u00e7as a elas associadas e, assim, gerar benef\u00edcios para toda a sociedade brasileira.\u201d<\/p>\n<p>Ser\u00e3o abordados temas como hist\u00f3rico das doen\u00e7as, epidemiologia e modelo atual de preven\u00e7\u00e3o, al\u00e9m da integra\u00e7\u00e3o entre sa\u00fade p\u00fablica, privada e suplementar no enfrentamento do mosquito e das doen\u00e7as.<\/p>\n<p>Durante o semin\u00e1rio ser\u00e1 lan\u00e7ado o cat\u00e1logo Tecnologias e Compet\u00eancias contra Dengue, Chikungunya e Zika V\u00edrus. O material, desenvolvido em parceria entre a Unesp, a Fundunesp e o N\u00facleo de Educa\u00e7\u00e3o \u00e0 Dist\u00e2ncia (Nead), re\u00fane mais de 50 tecnologias brasileiras existentes para combate ao vetor e \u00e0 tr\u00edplice epidemia, al\u00e9m de ferramentas que v\u00e3o desde armadilhas para os mosquitos e solu\u00e7\u00f5es larvicidas at\u00e9 kits de diagn\u00f3stico das doen\u00e7as e softwares de gest\u00e3o de informa\u00e7\u00e3o. O cat\u00e1logo compila informa\u00e7\u00f5es sobre a aplica\u00e7\u00e3o, o est\u00e1gio de desenvolvimento e a disponibilidade no mercado brasileiro.<\/p>\n<p>O semin\u00e1rio ser\u00e1 no Centro de Conven\u00e7\u00f5es de Ribeir\u00e3o Preto, \u00e0 rua Bernardino de Campos, 999, em Ribeir\u00e3o Preto.<\/p>\n<p>Mais informa\u00e7\u00f5es sobre o evento e sobre inscri\u00e7\u00f5es podem ser obtidas pelo fone (31) 3466-2161 ou pelo e-mail eventos@fundunesp.unesp.br.<\/p>\n","protected":false},"excerpt":{"rendered":"<p>Ag\u00eancia FAPESP \u2013 A Universidade Estadual Paulista (Unesp) realizar\u00e1, em Ribeir\u00e3o Preto, de 12 a 14 de abril, o \u201cSemin\u00e1rio e Mostra Tecnol\u00f3gica &#8211; Enfrentamento do Aedes aegypti e da epidemia de Dengue, Zika e Chikungunya: Ci\u00eancia, Tecnologia, Inova\u00e7\u00e3o e Pol\u00edticas P\u00fablicas\u201d. O objetivo \u00e9 promover a articula\u00e7\u00e3o e a troca de conhecimentos t\u00e9cnicos e [&hellip;]<\/p>\n","protected":false},"author":2,"featured_media":40847,"comment_status":"open","ping_status":"closed","sticky":false,"template":"","format":"standard","meta":{"tdm_status":"","tdm_grid_status":"","footnotes":""},"categories":[22,5],"tags":[],"class_list":{"0":"post-83384","1":"post","2":"type-post","3":"status-publish","4":"format-standard","5":"has-post-thumbnail","7":"category-brasil","8":"category-saude-e-vida"},"_links":{"self":[{"href":"https:\/\/migracao.redenoticia.com.br\/noticia\/wp-json\/wp\/v2\/posts\/83384","targetHints":{"allow":["GET"]}}],"collection":[{"href":"https:\/\/migracao.redenoticia.com.br\/noticia\/wp-json\/wp\/v2\/posts"}],"about":[{"href":"https:\/\/migracao.redenoticia.com.br\/noticia\/wp-json\/wp\/v2\/types\/post"}],"author":[{"embeddable":true,"href":"https:\/\/migracao.redenoticia.com.br\/noticia\/wp-json\/wp\/v2\/users\/2"}],"replies":[{"embeddable":true,"href":"https:\/\/migracao.redenoticia.com.br\/noticia\/wp-json\/wp\/v2\/comments?post=83384"}],"version-history":[{"count":0,"href":"https:\/\/migracao.redenoticia.com.br\/noticia\/wp-json\/wp\/v2\/posts\/83384\/revisions"}],"wp:featuredmedia":[{"embeddable":true,"href":"https:\/\/migracao.redenoticia.com.br\/noticia\/wp-json\/wp\/v2\/media\/40847"}],"wp:attachment":[{"href":"https:\/\/migracao.redenoticia.com.br\/noticia\/wp-json\/wp\/v2\/media?parent=83384"}],"wp:term":[{"taxonomy":"category","embeddable":true,"href":"https:\/\/migracao.redenoticia.com.br\/noticia\/wp-json\/wp\/v2\/categories?post=83384"},{"taxonomy":"post_tag","embeddable":true,"href":"https:\/\/migracao.redenoticia.com.br\/noticia\/wp-json\/wp\/v2\/tags?post=83384"}],"curies":[{"name":"wp","href":"https:\/\/api.w.org\/{rel}","templated":true}]}}