{"id":83395,"date":"2016-03-31T10:09:22","date_gmt":"2016-03-31T13:09:22","guid":{"rendered":"http:\/\/www.redenoticia.com.br\/noticia\/?p=83395"},"modified":"2016-03-30T20:10:29","modified_gmt":"2016-03-30T23:10:29","slug":"comercio-do-centro-do-rio-tem-queda-nas-vendas-de-45-em-2015","status":"publish","type":"post","link":"https:\/\/migracao.redenoticia.com.br\/noticia\/2016\/comercio-do-centro-do-rio-tem-queda-nas-vendas-de-45-em-2015\/83395","title":{"rendered":"Com\u00e9rcio do centro do Rio tem queda nas vendas de 4,5% em 2015"},"content":{"rendered":"<p> Dados divulgados pelo Centro de Estudos do Clube de Diretores Lojistas do Rio de Janeiro (<strong><em>CDL Rio<\/em><\/strong>) revelam que o com\u00e9rcio do centro da capital fluminense teve, em 2015, o pior desempenho dos \u00faltimos cinco anos, com queda nas vendas de 4,5%, em compara\u00e7\u00e3o a 2014.<\/p>\n<p>Mais de 670 lojas fecharam as portas no centro da cidade, n\u00e3o s\u00f3 devido ao cen\u00e1rio de incertezas econ\u00f4micas e pol\u00edticas do pa\u00eds, mas tamb\u00e9m em fun\u00e7\u00e3o das obras de mobilidade urbana promovidas pela prefeitura que acabaram afastando o consumidor, segundo informou o presidente do CDL Rio, Aldo Gon\u00e7alves.<\/p>\n<p>Para 2016, as perspectivas n\u00e3o s\u00e3o otimistas. \u201cNada mudou em rela\u00e7\u00e3o ao cen\u00e1rio macroecon\u00f4mico de infla\u00e7\u00e3o e juros altos e \u00edndice de desemprego crescente. Esses tr\u00eas fatores v\u00e3o dificultar o desempenho do com\u00e9rcio\u201d, diz Gon\u00e7alves. Ele acredita, por\u00e9m, que uma solu\u00e7\u00e3o mais r\u00e1pida no impasse pol\u00edtico poder\u00e1 melhorar o clima de incerteza e desconfian\u00e7a do setor no pa\u00eds.<\/p>\n<p>Alana Gandra &#8211; Rep\u00f3rter da Ag\u00eancia Brasil<br \/>\nEdi\u00e7\u00e3o: F\u00e1bio Massalli<br \/>\n31\/03\/2016<\/p>\n","protected":false},"excerpt":{"rendered":"<p>Dados divulgados pelo Centro de Estudos do Clube de Diretores Lojistas do Rio de Janeiro (CDL Rio) revelam que o com\u00e9rcio do centro da capital fluminense teve, em 2015, o pior desempenho dos \u00faltimos cinco anos, com queda nas vendas de 4,5%, em compara\u00e7\u00e3o a 2014. Mais de 670 lojas fecharam as portas no centro [&hellip;]<\/p>\n","protected":false},"author":2,"featured_media":57583,"comment_status":"open","ping_status":"closed","sticky":false,"template":"","format":"standard","meta":{"tdm_status":"","tdm_grid_status":"","footnotes":""},"categories":[22,7],"tags":[],"class_list":{"0":"post-83395","1":"post","2":"type-post","3":"status-publish","4":"format-standard","5":"has-post-thumbnail","7":"category-brasil","8":"category-economia"},"_links":{"self":[{"href":"https:\/\/migracao.redenoticia.com.br\/noticia\/wp-json\/wp\/v2\/posts\/83395","targetHints":{"allow":["GET"]}}],"collection":[{"href":"https:\/\/migracao.redenoticia.com.br\/noticia\/wp-json\/wp\/v2\/posts"}],"about":[{"href":"https:\/\/migracao.redenoticia.com.br\/noticia\/wp-json\/wp\/v2\/types\/post"}],"author":[{"embeddable":true,"href":"https:\/\/migracao.redenoticia.com.br\/noticia\/wp-json\/wp\/v2\/users\/2"}],"replies":[{"embeddable":true,"href":"https:\/\/migracao.redenoticia.com.br\/noticia\/wp-json\/wp\/v2\/comments?post=83395"}],"version-history":[{"count":0,"href":"https:\/\/migracao.redenoticia.com.br\/noticia\/wp-json\/wp\/v2\/posts\/83395\/revisions"}],"wp:featuredmedia":[{"embeddable":true,"href":"https:\/\/migracao.redenoticia.com.br\/noticia\/wp-json\/wp\/v2\/media\/57583"}],"wp:attachment":[{"href":"https:\/\/migracao.redenoticia.com.br\/noticia\/wp-json\/wp\/v2\/media?parent=83395"}],"wp:term":[{"taxonomy":"category","embeddable":true,"href":"https:\/\/migracao.redenoticia.com.br\/noticia\/wp-json\/wp\/v2\/categories?post=83395"},{"taxonomy":"post_tag","embeddable":true,"href":"https:\/\/migracao.redenoticia.com.br\/noticia\/wp-json\/wp\/v2\/tags?post=83395"}],"curies":[{"name":"wp","href":"https:\/\/api.w.org\/{rel}","templated":true}]}}