{"id":83397,"date":"2016-03-31T10:10:33","date_gmt":"2016-03-31T13:10:33","guid":{"rendered":"http:\/\/www.redenoticia.com.br\/noticia\/?p=83397"},"modified":"2016-03-30T20:11:33","modified_gmt":"2016-03-30T23:11:33","slug":"indice-do-aluguel-tem-alta-de-1156-em-12-meses","status":"publish","type":"post","link":"https:\/\/migracao.redenoticia.com.br\/noticia\/2016\/indice-do-aluguel-tem-alta-de-1156-em-12-meses\/83397","title":{"rendered":"\u00cdndice do aluguel tem alta de 11,56% em 12 meses"},"content":{"rendered":"<p> Em todo o pa\u00eds, o \u00cdndice Geral de Pre\u00e7os &#8211; Mercado (<strong><em>IGP-M<\/em><\/strong>), que reajusta os alugu\u00e9is, fechou em 0,51% em mar\u00e7o, o que representa queda em rela\u00e7\u00e3o a fevereiro, quando atingiu 1,29%. Em mar\u00e7o de 2015, a varia\u00e7\u00e3o foi de 0,98%. Considerando o acumulado de 12 meses, o \u00edndice apresentou alta de 11,56%. A taxa acumulada em 2016 at\u00e9 mar\u00e7o \u00e9 de 2,97%. Os n\u00fameros foram divulgados pela Funda\u00e7\u00e3o Getulio Vargas (FGV).<\/p>\n<p>O \u00cdndice de Pre\u00e7os ao Produtor Amplo (IPA) foi de 0,44% contra 1,45% de fevereiro. O \u00edndice relativo aos bens finais foi de 1,52% em mar\u00e7o. Em fevereiro, este grupo de produtos teve varia\u00e7\u00e3o de 1,43%.<\/p>\n<p>O \u00edndice referente ao grupo bens intermedi\u00e1rios foi de -0,93%. Em fevereiro, a taxa fechou em 1,16%. O principal respons\u00e1vel por este movimento foi o subgrupo materiais e componentes para a manufatura, que passou de 1,96% para -1,4%.<\/p>\n<p>N\u00fameros<\/p>\n<p>Segundo a FGV, o grupo mat\u00e9rias-primas brutas variou 0,82% em mar\u00e7o. Em fevereiro, registrou varia\u00e7\u00e3o de 1,83%. O \u00cdndice de Pre\u00e7os ao Consumidor (IPC) apresentou taxa de 0,58% em mar\u00e7o, ante 1,19% em fevereiro. A principal contribui\u00e7\u00e3o para o decr\u00e9scimo partiu do grupo habita\u00e7\u00e3o (0,83% para -0,06%). Nesta classe de despesa, o item tarifa de eletricidade residencial passou de -0,58% para -3,18%.<\/p>\n<p>Tamb\u00e9m apresentaram decr\u00e9scimo os grupos: transportes (1,73% para 0,54%), educa\u00e7\u00e3o, leitura e recrea\u00e7\u00e3o (2,06% para -0,01%) e alimenta\u00e7\u00e3o (1,42% para 1,12%). Registraram acr\u00e9scimo em suas taxas de varia\u00e7\u00e3o os grupos: comunica\u00e7\u00e3o (0,71% para 1,13%), despesas diversas (1,32% para 1,9%), vestu\u00e1rio (0,22% para 0,33%) e sa\u00fade e cuidados pessoais (0,69% para 0,73%).<\/p>\n<p>O \u00cdndice Nacional de Custo da Constru\u00e7\u00e3o (INCC) foi de 0,79%, acima do resultado de fevereiro: 0,52%. O \u00edndice relativo a materiais, equipamentos e servi\u00e7os acusou varia\u00e7\u00e3o de 0,38%. No m\u00eas anterior, a taxa havia sido de 0,53%. O \u00edndice que representa o custo da m\u00e3o de obra registrou taxa de 1,16%. No m\u00eas anterior, variou 0,51%.<\/p>\n<p>Fernanda Cruz \u2013 Rep\u00f3rter da Ag\u00eancia Brasil<br \/>\nEdi\u00e7\u00e3o: Kleber Sampaio<br \/>\n31\/03\/2016<\/p>\n","protected":false},"excerpt":{"rendered":"<p>Em todo o pa\u00eds, o \u00cdndice Geral de Pre\u00e7os &#8211; Mercado (IGP-M), que reajusta os alugu\u00e9is, fechou em 0,51% em mar\u00e7o, o que representa queda em rela\u00e7\u00e3o a fevereiro, quando atingiu 1,29%. Em mar\u00e7o de 2015, a varia\u00e7\u00e3o foi de 0,98%. Considerando o acumulado de 12 meses, o \u00edndice apresentou alta de 11,56%. A taxa [&hellip;]<\/p>\n","protected":false},"author":2,"featured_media":57585,"comment_status":"open","ping_status":"closed","sticky":false,"template":"","format":"standard","meta":{"tdm_status":"","tdm_grid_status":"","footnotes":""},"categories":[22,7],"tags":[],"class_list":{"0":"post-83397","1":"post","2":"type-post","3":"status-publish","4":"format-standard","5":"has-post-thumbnail","7":"category-brasil","8":"category-economia"},"_links":{"self":[{"href":"https:\/\/migracao.redenoticia.com.br\/noticia\/wp-json\/wp\/v2\/posts\/83397","targetHints":{"allow":["GET"]}}],"collection":[{"href":"https:\/\/migracao.redenoticia.com.br\/noticia\/wp-json\/wp\/v2\/posts"}],"about":[{"href":"https:\/\/migracao.redenoticia.com.br\/noticia\/wp-json\/wp\/v2\/types\/post"}],"author":[{"embeddable":true,"href":"https:\/\/migracao.redenoticia.com.br\/noticia\/wp-json\/wp\/v2\/users\/2"}],"replies":[{"embeddable":true,"href":"https:\/\/migracao.redenoticia.com.br\/noticia\/wp-json\/wp\/v2\/comments?post=83397"}],"version-history":[{"count":0,"href":"https:\/\/migracao.redenoticia.com.br\/noticia\/wp-json\/wp\/v2\/posts\/83397\/revisions"}],"wp:featuredmedia":[{"embeddable":true,"href":"https:\/\/migracao.redenoticia.com.br\/noticia\/wp-json\/wp\/v2\/media\/57585"}],"wp:attachment":[{"href":"https:\/\/migracao.redenoticia.com.br\/noticia\/wp-json\/wp\/v2\/media?parent=83397"}],"wp:term":[{"taxonomy":"category","embeddable":true,"href":"https:\/\/migracao.redenoticia.com.br\/noticia\/wp-json\/wp\/v2\/categories?post=83397"},{"taxonomy":"post_tag","embeddable":true,"href":"https:\/\/migracao.redenoticia.com.br\/noticia\/wp-json\/wp\/v2\/tags?post=83397"}],"curies":[{"name":"wp","href":"https:\/\/api.w.org\/{rel}","templated":true}]}}