{"id":83399,"date":"2016-03-31T10:11:38","date_gmt":"2016-03-31T13:11:38","guid":{"rendered":"http:\/\/www.redenoticia.com.br\/noticia\/?p=83399"},"modified":"2016-03-30T20:13:00","modified_gmt":"2016-03-30T23:13:00","slug":"desemprego-sobe-para-147-em-fevereiro-na-regiao-metropolitana-de-sao-paulo","status":"publish","type":"post","link":"https:\/\/migracao.redenoticia.com.br\/noticia\/2016\/desemprego-sobe-para-147-em-fevereiro-na-regiao-metropolitana-de-sao-paulo\/83399","title":{"rendered":"Desemprego sobe para 14,7% em fevereiro na regi\u00e3o metropolitana de S\u00e3o Paulo"},"content":{"rendered":"<p> A <strong><em>taxa de desemprego<\/em><\/strong> na regi\u00e3o metropolitana de S\u00e3o Paulo (RMSP) subiu em fevereiro para 14,7%, pequena eleva\u00e7\u00e3o em rela\u00e7\u00e3o aos 14,% de janeiro. Divulgados na capital paulista, os dados s\u00e3o da Pesquisa de Emprego e Desemprego (PED), elaborada todos os meses pela Funda\u00e7\u00e3o Sistema Estadual de An\u00e1lise de Dados (Funda\u00e7\u00e3o Seade) e Departamento Intersindical de Estat\u00edstica e Estudos Socioecon\u00f4micos (Dieese).<\/p>\n<p>Segundo os n\u00fameros, o contingente de desempregados foi calculado em 1,617 milh\u00e3o de pessoas, 68 mil a mais do que no m\u00eas anterior. Esse volume \u00e9 decorrente da redu\u00e7\u00e3o do n\u00edvel de ocupa\u00e7\u00e3o com a elimina\u00e7\u00e3o de 133 mil postos de trabalho (-1,4%) e da Popula\u00e7\u00e3o Economicamente Ativa (PEA), que registrou 65 mil pessoas deixando o mercado de trabalho, o que equivale a 0,6%.<\/p>\n<p>Os dados indicam tamb\u00e9m que, em fevereiro, o n\u00edvel de ocupa\u00e7\u00e3o caiu 1,4% e o contingente de ocupados foi estimado em 9,384 milh\u00f5es de pessoas. O resultado ocorreu em fun\u00e7\u00e3o da queda de empregados na ind\u00fastria (-4,6%, equivalente a 68 mil postos de trabalho a menos), com\u00e9rcio e repara\u00e7\u00e3o de ve\u00edculos automotores e motocicletas (-3,6% ou a elimina\u00e7\u00e3o de 61 mil postos de trabalho) e servi\u00e7os (-0,4%, com menos 21 mil postos de trabalho). O setor da constru\u00e7\u00e3o civil permaneceu est\u00e1vel.<\/p>\n<p>A pesquisa mostrou ainda que o n\u00famero de assalariados aumentou em 0,3%. No setor privado houve aumento do assalariamento com carteira assinada (0,6%) e caiu o n\u00famero de assalariados sem carteira assinada (-6,2%).<\/p>\n<p>O contingente de ocupados nas demais posi\u00e7\u00f5es caiu 8,8%, enquanto o de aut\u00f4nomos reduziu em 4,4% e o de empregados dom\u00e9sticos, 4,4%. De acordo com a pesquisa, entre dezembro e janeiro o rendimento m\u00e9dio real dos ocupados caiu 0,4%, passando a equivaler a R$ 2.015,00, e dos assalariados ficou est\u00e1vel em R$ 2.057,00.<\/p>\n<p>Quando analisados os \u00faltimos 12 meses, a taxa de desemprego alcan\u00e7ou 14,7% em fevereiro deste ano, enquanto no mesmo m\u00eas do ano passado chegou a 10,5%. \u201cCrescer nesse per\u00edodo n\u00e3o \u00e9 muito estranho, mas n\u00e3o vou dizer que \u00e9 comum, porque estamos passando de 10,5% para 14,7%, o que n\u00e3o tem nada de usual. Nesse \u00faltimo per\u00edodo, demos um salto razo\u00e1vel. Voltamos ao n\u00edvel pr\u00e9-2008\u201d, informou o coordenador da equipe de an\u00e1lise da PED na Funda\u00e7\u00e3o Seade, Alexandre Loloian.<\/p>\n<p>Conforme os dados, na compara\u00e7\u00e3o com fevereiro do ano passado, o contingente de desempregados aumentou em 479 mil pessoas. As causas foram a elimina\u00e7\u00e3o de 312 mil postos de trabalho e a entrada de 167 mil pessoas no mercado. \u201cUma varia\u00e7\u00e3o como essa \u00e9 in\u00e9dita na s\u00e9rie da nossa pesquisa. Nunca tivemos um aumento t\u00e3o forte como esse em 12 meses\u201d, concluiu Loloian.<\/p>\n<p>Fl\u00e1via Albuquerque &#8211; Rep\u00f3rter da Ag\u00eancia Brasil<br \/>\nEdi\u00e7\u00e3o: Armando Cardoso<br \/>\n31\/03\/2016<\/p>\n","protected":false},"excerpt":{"rendered":"<p>A taxa de desemprego na regi\u00e3o metropolitana de S\u00e3o Paulo (RMSP) subiu em fevereiro para 14,7%, pequena eleva\u00e7\u00e3o em rela\u00e7\u00e3o aos 14,% de janeiro. Divulgados na capital paulista, os dados s\u00e3o da Pesquisa de Emprego e Desemprego (PED), elaborada todos os meses pela Funda\u00e7\u00e3o Sistema Estadual de An\u00e1lise de Dados (Funda\u00e7\u00e3o Seade) e Departamento Intersindical [&hellip;]<\/p>\n","protected":false},"author":2,"featured_media":57584,"comment_status":"open","ping_status":"closed","sticky":false,"template":"","format":"standard","meta":{"tdm_status":"","tdm_grid_status":"","footnotes":""},"categories":[22,7],"tags":[],"class_list":{"0":"post-83399","1":"post","2":"type-post","3":"status-publish","4":"format-standard","5":"has-post-thumbnail","7":"category-brasil","8":"category-economia"},"_links":{"self":[{"href":"https:\/\/migracao.redenoticia.com.br\/noticia\/wp-json\/wp\/v2\/posts\/83399","targetHints":{"allow":["GET"]}}],"collection":[{"href":"https:\/\/migracao.redenoticia.com.br\/noticia\/wp-json\/wp\/v2\/posts"}],"about":[{"href":"https:\/\/migracao.redenoticia.com.br\/noticia\/wp-json\/wp\/v2\/types\/post"}],"author":[{"embeddable":true,"href":"https:\/\/migracao.redenoticia.com.br\/noticia\/wp-json\/wp\/v2\/users\/2"}],"replies":[{"embeddable":true,"href":"https:\/\/migracao.redenoticia.com.br\/noticia\/wp-json\/wp\/v2\/comments?post=83399"}],"version-history":[{"count":0,"href":"https:\/\/migracao.redenoticia.com.br\/noticia\/wp-json\/wp\/v2\/posts\/83399\/revisions"}],"wp:featuredmedia":[{"embeddable":true,"href":"https:\/\/migracao.redenoticia.com.br\/noticia\/wp-json\/wp\/v2\/media\/57584"}],"wp:attachment":[{"href":"https:\/\/migracao.redenoticia.com.br\/noticia\/wp-json\/wp\/v2\/media?parent=83399"}],"wp:term":[{"taxonomy":"category","embeddable":true,"href":"https:\/\/migracao.redenoticia.com.br\/noticia\/wp-json\/wp\/v2\/categories?post=83399"},{"taxonomy":"post_tag","embeddable":true,"href":"https:\/\/migracao.redenoticia.com.br\/noticia\/wp-json\/wp\/v2\/tags?post=83399"}],"curies":[{"name":"wp","href":"https:\/\/api.w.org\/{rel}","templated":true}]}}