{"id":8340,"date":"2009-08-12T09:44:59","date_gmt":"2009-08-12T13:44:59","guid":{"rendered":"http:\/\/www.redenoticia.com.br\/noticia\/?p=8340"},"modified":"2009-08-12T09:44:59","modified_gmt":"2009-08-12T13:44:59","slug":"previsao-do-tempo-da-vale-do-paraiba-litoral-norte-e-serra-da-mantiqueira-de-12-a-1408","status":"publish","type":"post","link":"https:\/\/migracao.redenoticia.com.br\/noticia\/2009\/previsao-do-tempo-da-vale-do-paraiba-litoral-norte-e-serra-da-mantiqueira-de-12-a-1408\/8340","title":{"rendered":"Previs\u00e3o do tempo da Vale do Para\u00cdba, Litoral Norte e Serra da Mantiqueira de 12 a 14\/08"},"content":{"rendered":"<p><a href=\"https:\/\/migracao.redenoticia.com.br\/noticia\/imagens\/\/satelite.jpg\"><img loading=\"lazy\" decoding=\"async\" class=\"alignleft size-full wp-image-6819\" title=\"satelite\" src=\"https:\/\/migracao.redenoticia.com.br\/noticia\/imagens\/\/satelite.jpg\" alt=\"satelite\" width=\"150\" height=\"113\" \/><\/a>Previs\u00e3o do tempo hoje (12\/08), o dia ser\u00e1 de varia\u00e7\u00e3o de nebulosidade entre a Serra da Mantiqueira, Vale do Para\u00edba e Serra do Mar. No Litoral Norte o dia ser\u00e1 com um pouco mais de nebulosidade. As temperaturas m\u00ednimas estar\u00e3o em leve decl\u00ednio e as m\u00e1ximas em leve eleva\u00e7\u00e3o.\u00a0<\/p>\n<p>Na quinta-feira (13\/08), o sol continuar\u00e1 predominando em toda regi\u00e3o, e as temperaturas m\u00e1ximas estar\u00e3o em eleva\u00e7\u00e3o.<\/p>\n<p>Previs\u00e3o do tempo (tend\u00eancia) para os pr\u00f3ximos dias:Na sexta-feira (14\/08) e no s\u00e1bado (15\/08), o sol continuar\u00e1 predominando em toda regi\u00e3o, e as temperaturas m\u00e1ximas estar\u00e3o elevadas.<\/p>\n<p>O Centro de Previs\u00e3o do Tempo e Estudos Clim\u00e1ticos &#8211; CPTEC, do Instituto Nacional de Pesquisas Espaciais &#8211; INPE \u00e9 o passaporte do Brasil para o primeiro mundo das previs\u00f5es meteorol\u00f3gicas. Os supercomputadores vetoriais SX-6 e SX-4 fabricados pela NEC Corporation do Jap\u00e3o, possuem capacidade de processar at\u00e9 768 bilh\u00f5es e 16 bilh\u00f5es de opera\u00e7\u00f5es aritm\u00e9ticas em ponto flutuante por segundo respectivamente. Recentemente adquirido da &#8220;NEC Corporation do Jap\u00e3o&#8221; um cluster com 1100 processadores fabricado pela &#8220;SUN Microsystem&#8221; com a capacidade de processar at\u00e9 5.7 trilh\u00f5es de opera\u00e7\u00f5es aritm\u00e9ticas em ponto flutuante por segundo. Isso significa possibilidade de utilizar modelos num\u00e9ricos para simula\u00e7\u00e3o de tempo e clima, integrando informa\u00e7\u00f5es atmosf\u00e9ricas e oce\u00e2nicas. O resultado disso s\u00e3o previs\u00f5es de tempo confi\u00e1veis, para todo o pa\u00eds.<\/p>\n","protected":false},"excerpt":{"rendered":"<p>Previs\u00e3o do tempo hoje (12\/08), o dia ser\u00e1 de varia\u00e7\u00e3o de nebulosidade entre a Serra da Mantiqueira, Vale do Para\u00edba e Serra do Mar. No Litoral Norte o dia ser\u00e1 com um pouco mais de nebulosidade. As temperaturas m\u00ednimas estar\u00e3o em leve decl\u00ednio e as m\u00e1ximas em leve eleva\u00e7\u00e3o.\u00a0 Na quinta-feira (13\/08), o sol continuar\u00e1 [&hellip;]<\/p>\n","protected":false},"author":3,"featured_media":0,"comment_status":"open","ping_status":"open","sticky":false,"template":"","format":"standard","meta":{"tdm_status":"","tdm_grid_status":"","footnotes":""},"categories":[22,327],"tags":[],"class_list":{"0":"post-8340","1":"post","2":"type-post","3":"status-publish","4":"format-standard","6":"category-brasil","7":"category-clima"},"_links":{"self":[{"href":"https:\/\/migracao.redenoticia.com.br\/noticia\/wp-json\/wp\/v2\/posts\/8340","targetHints":{"allow":["GET"]}}],"collection":[{"href":"https:\/\/migracao.redenoticia.com.br\/noticia\/wp-json\/wp\/v2\/posts"}],"about":[{"href":"https:\/\/migracao.redenoticia.com.br\/noticia\/wp-json\/wp\/v2\/types\/post"}],"author":[{"embeddable":true,"href":"https:\/\/migracao.redenoticia.com.br\/noticia\/wp-json\/wp\/v2\/users\/3"}],"replies":[{"embeddable":true,"href":"https:\/\/migracao.redenoticia.com.br\/noticia\/wp-json\/wp\/v2\/comments?post=8340"}],"version-history":[{"count":0,"href":"https:\/\/migracao.redenoticia.com.br\/noticia\/wp-json\/wp\/v2\/posts\/8340\/revisions"}],"wp:attachment":[{"href":"https:\/\/migracao.redenoticia.com.br\/noticia\/wp-json\/wp\/v2\/media?parent=8340"}],"wp:term":[{"taxonomy":"category","embeddable":true,"href":"https:\/\/migracao.redenoticia.com.br\/noticia\/wp-json\/wp\/v2\/categories?post=8340"},{"taxonomy":"post_tag","embeddable":true,"href":"https:\/\/migracao.redenoticia.com.br\/noticia\/wp-json\/wp\/v2\/tags?post=8340"}],"curies":[{"name":"wp","href":"https:\/\/api.w.org\/{rel}","templated":true}]}}