{"id":83402,"date":"2016-03-31T17:40:36","date_gmt":"2016-03-31T20:40:36","guid":{"rendered":"http:\/\/www.redenoticia.com.br\/noticia\/?p=83402"},"modified":"2016-04-05T19:44:15","modified_gmt":"2016-04-05T22:44:15","slug":"novela-velho-chico-resumo-0104-padre-romao-consola-santo","status":"publish","type":"post","link":"https:\/\/migracao.redenoticia.com.br\/noticia\/2016\/novela-velho-chico-resumo-0104-padre-romao-consola-santo\/83402","title":{"rendered":"Novela \u201cVelho Chico\u201d resumo 01\/04: Padre Rom\u00e3o consola Santo"},"content":{"rendered":"<p> <img loading=\"lazy\" decoding=\"async\" class=\"alignleft size-thumbnail wp-image-82169\" src=\"https:\/\/migracao.redenoticia.com.br\/noticia\/imagens\/velho_chico_novela_resumo_globo-150x112.jpg\" alt=\"velho_chico_novela_resumo_globo\" width=\"150\" height=\"112\" srcset=\"https:\/\/migracao.redenoticia.com.br\/noticia\/imagens\/velho_chico_novela_resumo_globo-150x112.jpg 150w, https:\/\/migracao.redenoticia.com.br\/noticia\/imagens\/velho_chico_novela_resumo_globo-265x198.jpg 265w\" sizes=\"auto, (max-width: 150px) 100vw, 150px\" \/><strong><em>Novela \u201cVelho Chico\u201d resumo 01\/04<\/em><\/strong>: a decis\u00e3o de apoiar seu filho Santo a ficar perto de seu grande amor, Tereza, acabou levando Belmiro \u00e0 morte. Padre Rom\u00e3o consola Santo. A fam\u00edlia de Belmiro n\u00e3o se conforma com a sua morte e tentam prestar queixa contra o Coronel Afr\u00e2nio. Com a como\u00e7\u00e3o da cidade, o delegado aconselha Afr\u00e2nio a se afastar da fazenda por alguns dias. Quando Clemente descobre que foi seu filho C\u00edcero quem atirou em Belmiro, ele se enfurece.<\/p>\n<p>No capitulo 017 (*), novela \u201cVelho Chico\u201d, sexta-feira, 01 de abril \u2013 Doninha fala com Clemente sobre sua preocupa\u00e7\u00e3o com C\u00edcero. Padre Rom\u00e3o consola Santo. <\/p>\n<p>O delegado aconselha Afr\u00e2nio a se afastar da fazenda por alguns dias. Doninha avisa a Tereza que ela viajar\u00e1 com a fam\u00edlia.<\/p>\n<p>Clemente descobre que C\u00edcero atirou em Belmiro e se enfurece com o filho. <\/p>\n<p>(*) edi\u00e7\u00e3o da Rede Globo, Novela \u201cVelho Chico\u201d, sujeito a altera\u00e7\u00e3o de data e conte\u00fado. <\/p>\n","protected":false},"excerpt":{"rendered":"<p>Novela \u201cVelho Chico\u201d resumo 01\/04: a decis\u00e3o de apoiar seu filho Santo a ficar perto de seu grande amor, Tereza, acabou levando Belmiro \u00e0 morte. Padre Rom\u00e3o consola Santo. A fam\u00edlia de Belmiro n\u00e3o se conforma com a sua morte e tentam prestar queixa contra o Coronel Afr\u00e2nio. Com a como\u00e7\u00e3o da cidade, o delegado [&hellip;]<\/p>\n","protected":false},"author":2,"featured_media":82169,"comment_status":"open","ping_status":"closed","sticky":false,"template":"","format":"standard","meta":{"tdm_status":"","tdm_grid_status":"","footnotes":""},"categories":[379,375,343],"tags":[441],"class_list":{"0":"post-83402","1":"post","2":"type-post","3":"status-publish","4":"format-standard","5":"has-post-thumbnail","7":"category-novelas","8":"category-rede-globo","9":"category-televisao","10":"tag-resumo-do-dia"},"_links":{"self":[{"href":"https:\/\/migracao.redenoticia.com.br\/noticia\/wp-json\/wp\/v2\/posts\/83402","targetHints":{"allow":["GET"]}}],"collection":[{"href":"https:\/\/migracao.redenoticia.com.br\/noticia\/wp-json\/wp\/v2\/posts"}],"about":[{"href":"https:\/\/migracao.redenoticia.com.br\/noticia\/wp-json\/wp\/v2\/types\/post"}],"author":[{"embeddable":true,"href":"https:\/\/migracao.redenoticia.com.br\/noticia\/wp-json\/wp\/v2\/users\/2"}],"replies":[{"embeddable":true,"href":"https:\/\/migracao.redenoticia.com.br\/noticia\/wp-json\/wp\/v2\/comments?post=83402"}],"version-history":[{"count":0,"href":"https:\/\/migracao.redenoticia.com.br\/noticia\/wp-json\/wp\/v2\/posts\/83402\/revisions"}],"wp:featuredmedia":[{"embeddable":true,"href":"https:\/\/migracao.redenoticia.com.br\/noticia\/wp-json\/wp\/v2\/media\/82169"}],"wp:attachment":[{"href":"https:\/\/migracao.redenoticia.com.br\/noticia\/wp-json\/wp\/v2\/media?parent=83402"}],"wp:term":[{"taxonomy":"category","embeddable":true,"href":"https:\/\/migracao.redenoticia.com.br\/noticia\/wp-json\/wp\/v2\/categories?post=83402"},{"taxonomy":"post_tag","embeddable":true,"href":"https:\/\/migracao.redenoticia.com.br\/noticia\/wp-json\/wp\/v2\/tags?post=83402"}],"curies":[{"name":"wp","href":"https:\/\/api.w.org\/{rel}","templated":true}]}}