{"id":83416,"date":"2016-03-31T17:16:29","date_gmt":"2016-03-31T20:16:29","guid":{"rendered":"http:\/\/www.redenoticia.com.br\/noticia\/?p=83416"},"modified":"2016-04-05T19:44:15","modified_gmt":"2016-04-05T22:44:15","slug":"novela-cuidado-com-o-anjo-resumo-0104-joao-miguel-devolve-filho-a-malu","status":"publish","type":"post","link":"https:\/\/migracao.redenoticia.com.br\/noticia\/2016\/novela-cuidado-com-o-anjo-resumo-0104-joao-miguel-devolve-filho-a-malu\/83416","title":{"rendered":"Novela \u201cCuidado com o Anjo\u201d resumo 01\/04: Jo\u00e3o Miguel devolve filho a Mal\u00fa"},"content":{"rendered":"<p> <img loading=\"lazy\" decoding=\"async\" src=\"https:\/\/migracao.redenoticia.com.br\/noticia\/imagens\/cuidado-com-o-anjo-novela-resumo-capitulo-sbt-episodio-150x112.jpg\" alt=\"cuidado com o anjo novela resumo capitulo sbt episodio\" width=\"150\" height=\"112\" class=\"alignleft size-thumbnail wp-image-82049\" srcset=\"https:\/\/migracao.redenoticia.com.br\/noticia\/imagens\/cuidado-com-o-anjo-novela-resumo-capitulo-sbt-episodio-150x112.jpg 150w, https:\/\/migracao.redenoticia.com.br\/noticia\/imagens\/cuidado-com-o-anjo-novela-resumo-capitulo-sbt-episodio-265x198.jpg 265w\" sizes=\"auto, (max-width: 150px) 100vw, 150px\" \/><strong><em>Novela \u201cCuidado com o Anjo\u201d resumo 01\/04<\/em><\/strong>: Jo\u00e3o Miguel encontra o filho, mas seu estado \u00e9 grave. O m\u00e9dico o acalma, diz que Jo\u00e3ozinho vai se recuperar e logo vai poder lev\u00e1-lo para casa. Mal\u00fa j\u00e1 n\u00e3o acredita que volte a ver o filho e se culpa pelo que aconteceu. Enquanto isso, Jo\u00e3o Miguel est\u00e1 feliz, pois seu filho est\u00e1 fora de perigo e resolve lev\u00e1-lo para sua casa. Ao saber do desespero de Mal\u00fa, Jo\u00e3o Miguel vai at\u00e9 a casa dos Velarde, entrega o filho a Mal\u00fa e vai embora antes que ela possa falar com ele. Acreditando que Mal\u00fa n\u00e3o gosta mais dele, resolve fazer uma viagem para tentar esquec\u00ea-la.<\/p>\n<p>No capitulo 090(*), novela \u201cCuidado com o Anjo\u201d, sexta-feira, 01 de abril \u2013 Jo\u00e3o Miguel acaricia o filho, feliz por ele ter se salvado. Estef\u00e2nia tem um ataque de nervos na cela. Amador vai embora e n\u00e3o permite que Isabela o acompanhe. Enquanto Mal\u00fa sofre desesperadamente pela falta do filho, Jo\u00e3o Miguel decide levar o menino com ele. Amador leva o filho de Beatriz \u00e0 for\u00e7a e ela se v\u00ea obrigada a ir embora com eles. Isabela visita Cec\u00edlia e suplica que retirem a acusa\u00e7\u00e3o que pesa sobre ela. Patr\u00edcio descobre que Amador fugiu e coloca a pol\u00edcia atr\u00e1s dele. Ao perceber que est\u00e1 sendo perseguido, Amador tenta se evadir e sofre um acidente. Mal\u00fa fica muito nervosa ao ouvir o pai dizer que Jo\u00e3o Miguel tem not\u00edcias do beb\u00ea. Leopardo e Branca visitam Jo\u00e3o Miguel e ficam sabendo do desaparecimento do filho de Mal\u00fa. Jo\u00e3o Miguel vai at\u00e9 a casa dos Velarde, entrega o filho a Mal\u00fa e vai embora antes que ela possa falar com ele. Depois, ele conversa com Tininha que vai fazer uma longa viagem, pois precisa esquec\u00ea-la. <\/p>\n<p>Eduardo fica sabendo do acidente, vai at\u00e9 o hospital e l\u00e1 encontra Beatriz e o filho com ferimentos leves enquanto Amador est\u00e1 entre a vida e a morte. Inconsciente, Amador consegue lembrar-se do acidente. Jo\u00e3o Miguel diz a Eduardo, que Amador merece um castigo pior que a morte e conta ao amigo que pretende ir para longe com sua filha. Leopardo agradece Jo\u00e3o Miguel por tudo que fez por ele e Branca e lamenta que n\u00e3o tenha se reconciliado com Mal\u00fa. Padre Anselmo aconselha Mal\u00fa a conversar com Jo\u00e3o Miguel sem \u00f3dio no cora\u00e7\u00e3o. Jo\u00e3o Miguel pede a Leopardo que n\u00e3o interceda por ele e o aconselha a voltar para a fazenda, pois n\u00e3o ter\u00e1 que depor no julgamento j\u00e1 que Amador est\u00e1 morrendo. Durante o julgamento, Isabela se declara culpada por ter sido c\u00famplice de Estef\u00e2nia na tentativa de homic\u00eddio contra Mal\u00fa. <\/p>\n<p>Padre Anselmo aconselha Mal\u00fa a dizer a Jo\u00e3o Miguel que n\u00e3o recuperou a vis\u00e3o, mas ela se nega. O advogado de Estef\u00e2nia a coloca a par da situa\u00e7\u00e3o de Amador e ela continua se fazendo de louca perante o juiz. Jo\u00e3o Miguel visita Mal\u00fa e diz que vai embora para longe j\u00e1 que n\u00e3o existe chance de reconcilia\u00e7\u00e3o entre eles. Patr\u00edcio informa Jo\u00e3o Miguel que Estef\u00e2nia est\u00e1 se fingindo de louca para evitar o julgamento. O rapaz deixa a casa dos Velarde arrasado e acreditando que Mal\u00fa j\u00e1 n\u00e3o se interessa por ele. Enquanto isso, a mo\u00e7a chora por que sente que perdeu Jo\u00e3o Miguel para sempre. Of\u00e9lia convence Jo\u00e3o Miguel a viajar sem a filha. Isabela \u00e9 condenada a dez anos de pris\u00e3o. Mal\u00fa conta a Ana J\u00falia o que aconteceu com Jo\u00e3o Miguel e ela diz que se estivesse em seu lugar o odiaria para sempre por tudo que lhe fez. <\/p>\n<p>(*) edi\u00e7\u00e3o do SBT, Novela \u201cCuidado com o Anjo\u201d, sujeito a altera\u00e7\u00e3o de data e conte\u00fado.<\/p>\n","protected":false},"excerpt":{"rendered":"<p>Novela \u201cCuidado com o Anjo\u201d resumo 01\/04: Jo\u00e3o Miguel encontra o filho, mas seu estado \u00e9 grave. O m\u00e9dico o acalma, diz que Jo\u00e3ozinho vai se recuperar e logo vai poder lev\u00e1-lo para casa. Mal\u00fa j\u00e1 n\u00e3o acredita que volte a ver o filho e se culpa pelo que aconteceu. Enquanto isso, Jo\u00e3o Miguel est\u00e1 [&hellip;]<\/p>\n","protected":false},"author":2,"featured_media":82049,"comment_status":"open","ping_status":"closed","sticky":false,"template":"","format":"standard","meta":{"tdm_status":"","tdm_grid_status":"","footnotes":""},"categories":[379,372,343],"tags":[441],"class_list":{"0":"post-83416","1":"post","2":"type-post","3":"status-publish","4":"format-standard","5":"has-post-thumbnail","7":"category-novelas","8":"category-sbt","9":"category-televisao","10":"tag-resumo-do-dia"},"_links":{"self":[{"href":"https:\/\/migracao.redenoticia.com.br\/noticia\/wp-json\/wp\/v2\/posts\/83416","targetHints":{"allow":["GET"]}}],"collection":[{"href":"https:\/\/migracao.redenoticia.com.br\/noticia\/wp-json\/wp\/v2\/posts"}],"about":[{"href":"https:\/\/migracao.redenoticia.com.br\/noticia\/wp-json\/wp\/v2\/types\/post"}],"author":[{"embeddable":true,"href":"https:\/\/migracao.redenoticia.com.br\/noticia\/wp-json\/wp\/v2\/users\/2"}],"replies":[{"embeddable":true,"href":"https:\/\/migracao.redenoticia.com.br\/noticia\/wp-json\/wp\/v2\/comments?post=83416"}],"version-history":[{"count":0,"href":"https:\/\/migracao.redenoticia.com.br\/noticia\/wp-json\/wp\/v2\/posts\/83416\/revisions"}],"wp:featuredmedia":[{"embeddable":true,"href":"https:\/\/migracao.redenoticia.com.br\/noticia\/wp-json\/wp\/v2\/media\/82049"}],"wp:attachment":[{"href":"https:\/\/migracao.redenoticia.com.br\/noticia\/wp-json\/wp\/v2\/media?parent=83416"}],"wp:term":[{"taxonomy":"category","embeddable":true,"href":"https:\/\/migracao.redenoticia.com.br\/noticia\/wp-json\/wp\/v2\/categories?post=83416"},{"taxonomy":"post_tag","embeddable":true,"href":"https:\/\/migracao.redenoticia.com.br\/noticia\/wp-json\/wp\/v2\/tags?post=83416"}],"curies":[{"name":"wp","href":"https:\/\/api.w.org\/{rel}","templated":true}]}}