{"id":8342,"date":"2009-08-12T09:47:25","date_gmt":"2009-08-12T13:47:25","guid":{"rendered":"http:\/\/www.redenoticia.com.br\/noticia\/?p=8342"},"modified":"2009-08-12T09:47:25","modified_gmt":"2009-08-12T13:47:25","slug":"previsao-do-tempo-da-regiao-sudeste-de-12-a-1408","status":"publish","type":"post","link":"https:\/\/migracao.redenoticia.com.br\/noticia\/2009\/previsao-do-tempo-da-regiao-sudeste-de-12-a-1408\/8342","title":{"rendered":"Previs\u00e3o do tempo da Regi\u00e3o Sudeste de 12 a 14\/08"},"content":{"rendered":"<p><a href=\"https:\/\/migracao.redenoticia.com.br\/noticia\/imagens\/\/sudeste.jpg\"><img loading=\"lazy\" decoding=\"async\" class=\"alignleft size-full wp-image-8026\" title=\"sudeste\" src=\"https:\/\/migracao.redenoticia.com.br\/noticia\/imagens\/\/sudeste.jpg\" alt=\"sudeste\" width=\"150\" height=\"113\" srcset=\"https:\/\/migracao.redenoticia.com.br\/noticia\/imagens\/sudeste.jpg 150w, https:\/\/migracao.redenoticia.com.br\/noticia\/imagens\/sudeste-148x112.jpg 148w\" sizes=\"auto, (max-width: 150px) 100vw, 150px\" \/><\/a>Previs\u00e3o do tempo 12\/08\/2009: No ES e no nordeste de MG: encoberto com chuva de forma isolada. No leste e norte de SP: sol com varia\u00e7\u00e3o de nuvens. Nas demais \u00e1reas de SP: predom\u00ednio de sol. Em grande parte de MG e no RJ: nublado. As temperaturas estar\u00e3o baixas no sul e leste da Regi\u00e3o. H\u00e1 chance de nevoeiro em \u00e1reas de SP. Temperatura m\u00e1xima: 30C no Tri\u00e2ngulo Mineiro. Temperatura m\u00ednima: 08C a Serra da Mantiqueira.\u00a0<\/p>\n<p>Previs\u00e3o do tempo 13\/08\/2009: No norte e nordeste de MG: encoberto com chuva de forma isolada. No ES, no centro-norte do RJ e no leste de MG: nublado com chuva de forma isolada. Nas demais \u00e1reas da Regi\u00e3o: predom\u00ednio de sol. As temperaturas estar\u00e3o em gradativa eleva\u00e7\u00e3o. H\u00e1 chance de nevoeiro em \u00e1reas de SP.<\/p>\n<p>Previs\u00e3o do tempo (tend\u00eancia) 14\/08: No nordeste de MG: nublado com chuva de forma isolada. No ES e no leste de MG: sol com nebulosidade vari\u00e1vel. Nas demais \u00e1reas da Regi\u00e3o: predom\u00ednio de sol. As temperaturas estar\u00e3o em gradativa eleva\u00e7\u00e3o. Nos pr\u00f3ximos dois dias o sol aparecer\u00e1 entre nuvens em grande parte da Regi\u00e3o.<\/p>\n<p>O Centro de Previs\u00e3o do Tempo e Estudos Clim\u00e1ticos &#8211; CPTEC, do Instituto Nacional de Pesquisas Espaciais &#8211; INPE \u00e9 o passaporte do Brasil para o primeiro mundo das previs\u00f5es meteorol\u00f3gicas. Os supercomputadores vetoriais SX-6 e SX-4 fabricados pela NEC Corporation do Jap\u00e3o, possuem capacidade de processar at\u00e9 768 bilh\u00f5es e 16 bilh\u00f5es de opera\u00e7\u00f5es aritm\u00e9ticas em ponto flutuante por segundo respectivamente. Recentemente adquirido da &#8220;NEC Corporation do Jap\u00e3o&#8221; um cluster com 1100 processadores fabricado pela &#8220;SUN Microsystem&#8221; com a capacidade de processar at\u00e9 5.7 trilh\u00f5es de opera\u00e7\u00f5es aritm\u00e9ticas em ponto flutuante por segundo. Isso significa possibilidade de utilizar modelos num\u00e9ricos para simula\u00e7\u00e3o de tempo e clima, integrando informa\u00e7\u00f5es atmosf\u00e9ricas e oce\u00e2nicas. O resultado disso s\u00e3o previs\u00f5es de tempo confi\u00e1veis, para todo o pa\u00eds.<\/p>\n","protected":false},"excerpt":{"rendered":"<p>Previs\u00e3o do tempo 12\/08\/2009: No ES e no nordeste de MG: encoberto com chuva de forma isolada. No leste e norte de SP: sol com varia\u00e7\u00e3o de nuvens. Nas demais \u00e1reas de SP: predom\u00ednio de sol. Em grande parte de MG e no RJ: nublado. As temperaturas estar\u00e3o baixas no sul e leste da Regi\u00e3o. [&hellip;]<\/p>\n","protected":false},"author":3,"featured_media":0,"comment_status":"open","ping_status":"open","sticky":false,"template":"","format":"standard","meta":{"tdm_status":"","tdm_grid_status":"","footnotes":""},"categories":[22,327],"tags":[],"class_list":{"0":"post-8342","1":"post","2":"type-post","3":"status-publish","4":"format-standard","6":"category-brasil","7":"category-clima"},"_links":{"self":[{"href":"https:\/\/migracao.redenoticia.com.br\/noticia\/wp-json\/wp\/v2\/posts\/8342","targetHints":{"allow":["GET"]}}],"collection":[{"href":"https:\/\/migracao.redenoticia.com.br\/noticia\/wp-json\/wp\/v2\/posts"}],"about":[{"href":"https:\/\/migracao.redenoticia.com.br\/noticia\/wp-json\/wp\/v2\/types\/post"}],"author":[{"embeddable":true,"href":"https:\/\/migracao.redenoticia.com.br\/noticia\/wp-json\/wp\/v2\/users\/3"}],"replies":[{"embeddable":true,"href":"https:\/\/migracao.redenoticia.com.br\/noticia\/wp-json\/wp\/v2\/comments?post=8342"}],"version-history":[{"count":0,"href":"https:\/\/migracao.redenoticia.com.br\/noticia\/wp-json\/wp\/v2\/posts\/8342\/revisions"}],"wp:attachment":[{"href":"https:\/\/migracao.redenoticia.com.br\/noticia\/wp-json\/wp\/v2\/media?parent=8342"}],"wp:term":[{"taxonomy":"category","embeddable":true,"href":"https:\/\/migracao.redenoticia.com.br\/noticia\/wp-json\/wp\/v2\/categories?post=8342"},{"taxonomy":"post_tag","embeddable":true,"href":"https:\/\/migracao.redenoticia.com.br\/noticia\/wp-json\/wp\/v2\/tags?post=8342"}],"curies":[{"name":"wp","href":"https:\/\/api.w.org\/{rel}","templated":true}]}}