{"id":83420,"date":"2016-03-31T17:20:32","date_gmt":"2016-03-31T20:20:32","guid":{"rendered":"http:\/\/www.redenoticia.com.br\/noticia\/?p=83420"},"modified":"2016-04-05T19:44:15","modified_gmt":"2016-04-05T22:44:15","slug":"novela-abismo-da-paixao-resumo-0104-carmen-confessa-amor-por-augusto","status":"publish","type":"post","link":"https:\/\/migracao.redenoticia.com.br\/noticia\/2016\/novela-abismo-da-paixao-resumo-0104-carmen-confessa-amor-por-augusto\/83420","title":{"rendered":"Novela \u201cAbismo da Paix\u00e3o\u201d resumo 01\/04: Carmen confessa amor por Augusto"},"content":{"rendered":"<p> <img loading=\"lazy\" decoding=\"async\" class=\"alignleft size-thumbnail wp-image-81978\" src=\"https:\/\/migracao.redenoticia.com.br\/noticia\/imagens\/abismo_de_paixao_sbt_resumo_novela-150x112.jpg\" alt=\"abismo_de_paixao_sbt_resumo_novela\" width=\"150\" height=\"112\" srcset=\"https:\/\/migracao.redenoticia.com.br\/noticia\/imagens\/abismo_de_paixao_sbt_resumo_novela-150x112.jpg 150w, https:\/\/migracao.redenoticia.com.br\/noticia\/imagens\/abismo_de_paixao_sbt_resumo_novela-265x198.jpg 265w\" sizes=\"auto, (max-width: 150px) 100vw, 150px\" \/><strong><em>Novela \u201cAbismo da Paix\u00e3o\u201d resumo 01\/04<\/em><\/strong>: com ci\u00fames, Almerinda diz a Rog\u00e9rio que jamais lhe dar\u00e1 o div\u00f3rcio para que ele se v\u00e1 com sua amante, Estef\u00e2nia. Rog\u00e9rio diz que n\u00e3o \u00e9 Estef\u00e2nia a mulher que lhe interessa. Carmen diz a Rog\u00e9rio que n\u00e3o vale a pena brigar com sua esposa, pois ela \u00e9 louca. Ele a pede que tenha suas malas prontas, pois fugir\u00e3o no dia seguinte. Antes de fugir, Carmen confessa para Augusto que sempre o amou, e isso bem antes dele estar com sua irm\u00e3, e o beija. Elisa entra e v\u00ea o beijo. Augusto tenta convencer a filha que n\u00e3o diga nada a sua m\u00e3e. Augusto fala para Carmem que ama sua esposa. Carmen fala que um dia ele vai ver que Estef\u00e2nia n\u00e3o \u00e9 melhor que ela, e vai se arrepender de t\u00ea-la humilhado com sua rejei\u00e7\u00e3o.<\/p>\n<p>No cap\u00edtulo 005(*), novela \u201cAbismo da Paix\u00e3o\u201d, sexta-feira, 01 de abril \u2013 Almerinda furiosa diz a Rog\u00e9rio que revele quem \u00e9 sua amante, Rog\u00e9rio responde que quer o div\u00f3rcio, e que n\u00e3o existe nenhuma outra mulher em sua vida, j\u00e1 que uma basta, e j\u00e1 faz de sua vida um inferno. Almerinda o diz que jamais o dar\u00e1 o div\u00f3rcio para que ele se v\u00e1 com sua amante, Estef\u00e2nia. Rog\u00e9rio responde que n\u00e3o \u00e9 Estef\u00e2nia a mulher que lhe interessa. Carmen sai do esconderijo e diz a Rog\u00e9rio que n\u00e3o vale a pena brigar com sua esposa, pois ela \u00e9 uma mulher louca, ele a pede que tenha suas malas prontas, pois eles fugir\u00e3o no dia seguinte. Rog\u00e9rio diz a Lucio que vai assinar uma representa\u00e7\u00e3o para que em sua aus\u00eancia, ele se encarregue da processadora. <\/p>\n<p>Estef\u00e2nia se surpreende ao ver Carmen arrumando suas malas, ela diz a irm\u00e3 que vai embora porque j\u00e1 n\u00e3o pode mais ficar pr\u00f3xima a Rog\u00e9rio. Almerinda sofre um desmaio, o Doutor a diz que foi apenas uma baixa de press\u00e3o, e logo estar\u00e1 bem, mais que precisa tentar ser menos ansiosa. Rog\u00e9rio diz a Augusto que tem raz\u00e3o quando o diz que n\u00e3o pode colocar em risco a estabilidade de sua fam\u00edlia, e ocorra o que ocorrer, que ele nunca duvide de sua amizade. Carmen diz a Augusto que vai o confessar algo antes de ir embora para sempre, ela o confessa que sempre o amou, e isso bem antes dele estar com sua irm\u00e3, e o beija. Elisa entra e surpreende o beijo, Augusto tenta convenc\u00ea-la para que n\u00e3o diga nada a sua m\u00e3e, pois esse beijo foi algo totalmente sem import\u00e2ncia. <\/p>\n<p>Carmen, hip\u00f3crita, pergunta a Augusto se conseguiu convencer Elisa a n\u00e3o dizer nada \u00e1 Estef\u00e2nia. Augusto pede que Carmen mantenha se distante dele no tempo que ainda estiver em sua casa. Carmen se enfurece quando Rog\u00e9rio a diz que precisam esperar uns dias mais para fugir, porque Almerinda adoeceu e ele n\u00e3o pode deix\u00e1-la assim. Elisa diz a sua m\u00e3e que sua tia Carmen n\u00e3o a agrada, e deseja que ela v\u00e1 embora. Carmen insiste \u00e1 Augusto que o ama, e se ele pedisse, ela ficaria junto a ele e n\u00e3o viajaria mais, ele responde que ama sua esposa e isso n\u00e3o mudar\u00e1 jamais. Carmen adverte o que um dia ele se dar\u00e1 conta que Estef\u00e2nia n\u00e3o \u00e9 melhor que ela, e ir\u00e1 se arrepender de t\u00ea-la humilhado com sua rejei\u00e7\u00e3o. Almerinda descobre que Rog\u00e9rio vai viajar e de imediato procura Augusto para dizer lhe que seu marido e Estef\u00e2nia v\u00e3o fugir juntos, e eles precisam impedi-los. <\/p>\n<p>(*) edi\u00e7\u00e3o do SBT, Novela \u201cAbismo da Paix\u00e3o\u201d, sujeito a altera\u00e7\u00e3o de data e conte\u00fado.<\/p>\n","protected":false},"excerpt":{"rendered":"<p>Novela \u201cAbismo da Paix\u00e3o\u201d resumo 01\/04: com ci\u00fames, Almerinda diz a Rog\u00e9rio que jamais lhe dar\u00e1 o div\u00f3rcio para que ele se v\u00e1 com sua amante, Estef\u00e2nia. Rog\u00e9rio diz que n\u00e3o \u00e9 Estef\u00e2nia a mulher que lhe interessa. Carmen diz a Rog\u00e9rio que n\u00e3o vale a pena brigar com sua esposa, pois ela \u00e9 louca. [&hellip;]<\/p>\n","protected":false},"author":2,"featured_media":81978,"comment_status":"open","ping_status":"closed","sticky":false,"template":"","format":"standard","meta":{"tdm_status":"","tdm_grid_status":"","footnotes":""},"categories":[379,372,343],"tags":[441],"class_list":{"0":"post-83420","1":"post","2":"type-post","3":"status-publish","4":"format-standard","5":"has-post-thumbnail","7":"category-novelas","8":"category-sbt","9":"category-televisao","10":"tag-resumo-do-dia"},"_links":{"self":[{"href":"https:\/\/migracao.redenoticia.com.br\/noticia\/wp-json\/wp\/v2\/posts\/83420","targetHints":{"allow":["GET"]}}],"collection":[{"href":"https:\/\/migracao.redenoticia.com.br\/noticia\/wp-json\/wp\/v2\/posts"}],"about":[{"href":"https:\/\/migracao.redenoticia.com.br\/noticia\/wp-json\/wp\/v2\/types\/post"}],"author":[{"embeddable":true,"href":"https:\/\/migracao.redenoticia.com.br\/noticia\/wp-json\/wp\/v2\/users\/2"}],"replies":[{"embeddable":true,"href":"https:\/\/migracao.redenoticia.com.br\/noticia\/wp-json\/wp\/v2\/comments?post=83420"}],"version-history":[{"count":0,"href":"https:\/\/migracao.redenoticia.com.br\/noticia\/wp-json\/wp\/v2\/posts\/83420\/revisions"}],"wp:featuredmedia":[{"embeddable":true,"href":"https:\/\/migracao.redenoticia.com.br\/noticia\/wp-json\/wp\/v2\/media\/81978"}],"wp:attachment":[{"href":"https:\/\/migracao.redenoticia.com.br\/noticia\/wp-json\/wp\/v2\/media?parent=83420"}],"wp:term":[{"taxonomy":"category","embeddable":true,"href":"https:\/\/migracao.redenoticia.com.br\/noticia\/wp-json\/wp\/v2\/categories?post=83420"},{"taxonomy":"post_tag","embeddable":true,"href":"https:\/\/migracao.redenoticia.com.br\/noticia\/wp-json\/wp\/v2\/tags?post=83420"}],"curies":[{"name":"wp","href":"https:\/\/api.w.org\/{rel}","templated":true}]}}