{"id":83434,"date":"2016-03-31T18:57:05","date_gmt":"2016-03-31T21:57:05","guid":{"rendered":"http:\/\/www.redenoticia.com.br\/noticia\/?p=83434"},"modified":"2016-04-05T19:44:14","modified_gmt":"2016-04-05T22:44:14","slug":"novela-meu-coracao-e-teu-resumo-0104-fernando-diz-a-diego-que-ama-ana","status":"publish","type":"post","link":"https:\/\/migracao.redenoticia.com.br\/noticia\/2016\/novela-meu-coracao-e-teu-resumo-0104-fernando-diz-a-diego-que-ama-ana\/83434","title":{"rendered":"Novela \u201cMeu Cora\u00e7\u00e3o \u00e9 Teu\u201d resumo 01\/04: Fernando diz a Diego que ama Ana"},"content":{"rendered":"<p> <img loading=\"lazy\" decoding=\"async\" src=\"https:\/\/migracao.redenoticia.com.br\/noticia\/imagens\/meu_coracao_e_teu_novela_resumo_sbt-150x112.jpg\" alt=\"meu_coracao_e_teu_novela_resumo_sbt\" width=\"150\" height=\"112\" class=\"alignleft size-thumbnail wp-image-82119\" srcset=\"https:\/\/migracao.redenoticia.com.br\/noticia\/imagens\/meu_coracao_e_teu_novela_resumo_sbt-150x112.jpg 150w, https:\/\/migracao.redenoticia.com.br\/noticia\/imagens\/meu_coracao_e_teu_novela_resumo_sbt-265x198.jpg 265w\" sizes=\"auto, (max-width: 150px) 100vw, 150px\" \/><strong><em>Novela \u201cMeu Cora\u00e7\u00e3o \u00e9 Teu\u201d resumo 01\/04<\/em><\/strong>: Diego est\u00e1 cada vez mais encantado por Ana. Ele lhe rouba um beijo e ela se zanga. Diego pede uma oportunidade para Ana j\u00e1 que Fernando vai se casar com Isabela. Ela nega. Mais tarde, Diego se despede de Ana porque vai viajar por um tempo. Ele a beija amistosamente. Fernando os v\u00ea e pensa que eles est\u00e3o se beijando. Fernando sofre<br \/>\ncom ci\u00fames e acaba brigando com o irm\u00e3o. Ele confessa a Diego que ama Ana.<\/p>\n<p>No cap\u00edtulo 025 (*), novela \u201cMeu Cora\u00e7\u00e3o \u00e9 Teu\u201d, sexta-feira, 01 de abril \u2013 Ana vai buscar Sebasti\u00e3o e o pro\u00edbe de se juntar aos garotos do hip hop. Ela tenta confort\u00e1-lo ao dizer que Fernando permitiu que ele fa\u00e7a aulas de dan\u00e7a em uma escola. Isabela quer um casamento magistral e pomposo, mas Fernando nega e diz que prefere algo mais simples. Diego rouba um beijo de Ana e ela se zanga. Todos no hospital est\u00e3o muito nervosos pela opera\u00e7\u00e3o de Jennifer. Diego consola Ana e lhe pede uma oportunidade, pois Fernando ir\u00e1 se casar com Isabela. Ela nega. Isabela fala com Alicia e a diz que elas t\u00eam muitas coisas em comum, pois em sua adolesc\u00eancia ela tamb\u00e9m sofria com as espinhas. Alicia e Isabela come\u00e7am a se dar bem. As outras crian\u00e7as chamam Alicia de traidora. Ana repreende as crian\u00e7as e as diz que todos precisam se esfor\u00e7ar para se dar bem com Isabela. Diego se despede de Ana porque ir\u00e1 viajar por um tempo. Ele a beija amistosamente. Fernando os v\u00ea e pensa que eles est\u00e3o se beijando. Fernando sofre com ci\u00fames de Ana e briga com Diego no caminho para o aeroporto. Fernando confessa ao irm\u00e3o que ama Ana, mas ter\u00e1 que se casar com outra mulher. Diego o avisa que logo estar\u00e1 de volta.<\/p>\n<p> Jennifer chega a sua casa e Ana e Diana a recebem com uma surpresa. Nicolas a apoia incondicionalmente. O tempo passa e Jennifer segue na batalha contra a doen\u00e7a. Diego interrompe o ensaio do casamento quando volta de viagem. Ele traz dois presentes para Ana e a pede que seja seu par no casamento de Fernando. Ela o diz que n\u00e3o pretende ir a cerim\u00f4nia. O Doutor diz a Jennifer que ela est\u00e1 bem. Luz obriga Ana a ir ao casamento. T\u00e2mara e Mauricio chegam a casa de Leon para ficarem vivendo com ele. Eles s\u00e3o sua ex-esposa e seu filho, respectivamente. <\/p>\n<p>Fanny busca Leon, mas ele evita dizer a verdade a ela. Ana recebe o vestido de noiva de Isabela e o v\u00ea. Ela volta a ficar muito triste. As crian\u00e7as dizem a Ana que se ela n\u00e3o for ao casamento, eles tamb\u00e9m n\u00e3o ir\u00e3o. Guille e Alex planejam queimar o vestido de noiva de Isabela, para que assim ela n\u00e3o se case. Isabela insulta Ana por acreditar que ela roubou seu vestido de noiva. Fernando visita Ana em seu quarto antes de ir ao casamento. Ele a explica o porqu\u00ea de estar se casando. Ana pergunta se na realidade alguma vez ele a amou. Ele a responde que sim e fica a ponto de beij\u00e1-la.<\/p>\n<p>(*) edi\u00e7\u00e3o do SBT, Novela \u201cMeu Cora\u00e7\u00e3o \u00e9 Teu\u201d, sujeito a altera\u00e7\u00e3o de data e conte\u00fado.<\/p>\n","protected":false},"excerpt":{"rendered":"<p>Novela \u201cMeu Cora\u00e7\u00e3o \u00e9 Teu\u201d resumo 01\/04: Diego est\u00e1 cada vez mais encantado por Ana. Ele lhe rouba um beijo e ela se zanga. Diego pede uma oportunidade para Ana j\u00e1 que Fernando vai se casar com Isabela. Ela nega. Mais tarde, Diego se despede de Ana porque vai viajar por um tempo. Ele a [&hellip;]<\/p>\n","protected":false},"author":2,"featured_media":82119,"comment_status":"open","ping_status":"closed","sticky":false,"template":"","format":"standard","meta":{"tdm_status":"","tdm_grid_status":"","footnotes":""},"categories":[379,372,343],"tags":[441],"class_list":{"0":"post-83434","1":"post","2":"type-post","3":"status-publish","4":"format-standard","5":"has-post-thumbnail","7":"category-novelas","8":"category-sbt","9":"category-televisao","10":"tag-resumo-do-dia"},"_links":{"self":[{"href":"https:\/\/migracao.redenoticia.com.br\/noticia\/wp-json\/wp\/v2\/posts\/83434","targetHints":{"allow":["GET"]}}],"collection":[{"href":"https:\/\/migracao.redenoticia.com.br\/noticia\/wp-json\/wp\/v2\/posts"}],"about":[{"href":"https:\/\/migracao.redenoticia.com.br\/noticia\/wp-json\/wp\/v2\/types\/post"}],"author":[{"embeddable":true,"href":"https:\/\/migracao.redenoticia.com.br\/noticia\/wp-json\/wp\/v2\/users\/2"}],"replies":[{"embeddable":true,"href":"https:\/\/migracao.redenoticia.com.br\/noticia\/wp-json\/wp\/v2\/comments?post=83434"}],"version-history":[{"count":0,"href":"https:\/\/migracao.redenoticia.com.br\/noticia\/wp-json\/wp\/v2\/posts\/83434\/revisions"}],"wp:featuredmedia":[{"embeddable":true,"href":"https:\/\/migracao.redenoticia.com.br\/noticia\/wp-json\/wp\/v2\/media\/82119"}],"wp:attachment":[{"href":"https:\/\/migracao.redenoticia.com.br\/noticia\/wp-json\/wp\/v2\/media?parent=83434"}],"wp:term":[{"taxonomy":"category","embeddable":true,"href":"https:\/\/migracao.redenoticia.com.br\/noticia\/wp-json\/wp\/v2\/categories?post=83434"},{"taxonomy":"post_tag","embeddable":true,"href":"https:\/\/migracao.redenoticia.com.br\/noticia\/wp-json\/wp\/v2\/tags?post=83434"}],"curies":[{"name":"wp","href":"https:\/\/api.w.org\/{rel}","templated":true}]}}