{"id":8345,"date":"2009-08-12T09:55:41","date_gmt":"2009-08-12T13:55:41","guid":{"rendered":"http:\/\/www.redenoticia.com.br\/noticia\/?p=8345"},"modified":"2009-08-13T23:42:05","modified_gmt":"2009-08-14T03:42:05","slug":"previsao-do-tempo-na-bahia-1208","status":"publish","type":"post","link":"https:\/\/migracao.redenoticia.com.br\/noticia\/2009\/previsao-do-tempo-na-bahia-1208\/8345","title":{"rendered":"Previs\u00e3o do tempo na Bahia (12\/08)"},"content":{"rendered":"<p>Previs\u00e3o do tempo indica que a frente fria chega ao sul da Bahia nesta quarta-feira e provoca chuvas fracas, ventos fortes e decl\u00ednio acentuado da temperatura. Em algumas cidades, a m\u00e1xima n\u00e3o passa dos 22\u00b0C, valor considerado baixo para o Estado. \u00c1reas de instabilidade tamb\u00e9m provocam chuvas isoladas em Sergipe, Rio Grande do Norte e Maranh\u00e3o, mas ao contr\u00e1rio do sul baiano, faz muito calor nessas \u00e1reas e a m\u00e1xima passa dos 32\u00b0C.<\/p>\n<p>De acordo com os meteorologistas da Somar, as temperaturas tamb\u00e9m seguem elevadas no Norte e Centro-Oeste do pa\u00eds, onde o tempo seco predomina. As chuvas desta quarta-feira ficam restritas ao norte do Amazonas, Roraima, norte do Par\u00e1 e Amap\u00e1.<\/p>\n<p>Aos poucos a frente fria se afasta do Sudeste, mas ainda provoca chuvas fracas e isoladas e sensa\u00e7\u00e3o de frio no Esp\u00edrito Santo e Minas Gerais. Nas demais \u00e1reas do Sudeste, o tempo permanece seco, ensolarado e a temperatura volta a subir aos poucos.<\/p>\n<p>Na Regi\u00e3o Sul, o sol predomina e as temperaturas entram em gradativa eleva\u00e7\u00e3o no decorrer do dia, com m\u00e1xima de 22\u00b0C em boa parte do Rio Grande do Sul e de Santa Catarina e de 25\u00b0C no norte do Paran\u00e1. Apenas no centro-sul do Estado de Santa Catarina a m\u00e1xima ainda n\u00e3o passa dos 19\u00b0C.<\/p>\n<p>Litoral<br \/>\nO mar segue agitado e ainda com risco de ressacas na costa do Rio de Janeiro nesta quarta-feira. A lua cheia deixa a mar\u00e9 alta e faz com que as ondas de 2m de altura provoquem ressacas em boa parte da costa fluminense.<\/p>\n<p>Quinta-feira<br \/>\nA frente fria ir\u00e1 provocar chuvas fortes, com potencial para forma\u00e7\u00e3o de alagamentos no litoral sul da Bahia, regi\u00e3o de Caravelas. As chuvas atingem a Grande Salvador e boa parte do litoral e zona da mata da Bahia. Al\u00e9m disso, a temperatura continua caindo e a m\u00e1xima n\u00e3o passa dos 20\u00b0C em algumas localidades do sul do Estado. A propaga\u00e7\u00e3o de \u00e1reas de instabilidade tamb\u00e9m provocam chuvas no norte do Maranh\u00e3o. Nas demais \u00e1reas, o tempo permanece seco, ensolarado e extremamente quente, com m\u00e1xima de mais de 32\u00b0C entre o Cear\u00e1, Piau\u00ed e Maranh\u00e3o.<\/p>\n<p>Segundo os meteorologistas da Somar, o sistema frontal tamb\u00e9m provoca chuvas e frio no nordeste de Minas Gerais e norte do Esp\u00edrito Santo. J\u00e1 no Sul, na maior parte do Sudeste e em todo o Centro-Oeste, o tempo permanece seco e ensolarado. Faz muito calor no Centro-Oeste, enquanto que no Sudeste e Sul, a sensa\u00e7\u00e3o t\u00e9rmica ser\u00e1 mais agrad\u00e1vel. No Norte do pa\u00eds, o tempo segue seco e extremamente quente na maior parte dos Estados, com exce\u00e7\u00e3o do norte da Regi\u00e3o, onde h\u00e1 previs\u00e3o de chuvas.<\/p>\n","protected":false},"excerpt":{"rendered":"<p>Previs\u00e3o do tempo indica que a frente fria chega ao sul da Bahia nesta quarta-feira e provoca chuvas fracas, ventos fortes e decl\u00ednio acentuado da temperatura. Em algumas cidades, a m\u00e1xima n\u00e3o passa dos 22\u00b0C, valor considerado baixo para o Estado. \u00c1reas de instabilidade tamb\u00e9m provocam chuvas isoladas em Sergipe, Rio Grande do Norte e [&hellip;]<\/p>\n","protected":false},"author":3,"featured_media":0,"comment_status":"open","ping_status":"open","sticky":false,"template":"","format":"standard","meta":{"tdm_status":"","tdm_grid_status":"","footnotes":""},"categories":[22,327],"tags":[],"class_list":{"0":"post-8345","1":"post","2":"type-post","3":"status-publish","4":"format-standard","6":"category-brasil","7":"category-clima"},"_links":{"self":[{"href":"https:\/\/migracao.redenoticia.com.br\/noticia\/wp-json\/wp\/v2\/posts\/8345","targetHints":{"allow":["GET"]}}],"collection":[{"href":"https:\/\/migracao.redenoticia.com.br\/noticia\/wp-json\/wp\/v2\/posts"}],"about":[{"href":"https:\/\/migracao.redenoticia.com.br\/noticia\/wp-json\/wp\/v2\/types\/post"}],"author":[{"embeddable":true,"href":"https:\/\/migracao.redenoticia.com.br\/noticia\/wp-json\/wp\/v2\/users\/3"}],"replies":[{"embeddable":true,"href":"https:\/\/migracao.redenoticia.com.br\/noticia\/wp-json\/wp\/v2\/comments?post=8345"}],"version-history":[{"count":0,"href":"https:\/\/migracao.redenoticia.com.br\/noticia\/wp-json\/wp\/v2\/posts\/8345\/revisions"}],"wp:attachment":[{"href":"https:\/\/migracao.redenoticia.com.br\/noticia\/wp-json\/wp\/v2\/media?parent=8345"}],"wp:term":[{"taxonomy":"category","embeddable":true,"href":"https:\/\/migracao.redenoticia.com.br\/noticia\/wp-json\/wp\/v2\/categories?post=8345"},{"taxonomy":"post_tag","embeddable":true,"href":"https:\/\/migracao.redenoticia.com.br\/noticia\/wp-json\/wp\/v2\/tags?post=8345"}],"curies":[{"name":"wp","href":"https:\/\/api.w.org\/{rel}","templated":true}]}}