{"id":83454,"date":"2016-04-01T10:32:46","date_gmt":"2016-04-01T13:32:46","guid":{"rendered":"http:\/\/www.redenoticia.com.br\/noticia\/?p=83454"},"modified":"2016-03-31T18:48:32","modified_gmt":"2016-03-31T21:48:32","slug":"baloes-projetados-com-apoio-da-fapesp-ajudarao-na-seguranca-das-olimpiadas","status":"publish","type":"post","link":"https:\/\/migracao.redenoticia.com.br\/noticia\/2016\/baloes-projetados-com-apoio-da-fapesp-ajudarao-na-seguranca-das-olimpiadas\/83454","title":{"rendered":"Bal\u00f5es projetados com apoio da FAPESP ajudar\u00e3o na seguran\u00e7a das Olimp\u00edadas"},"content":{"rendered":"<p> Diego Freire | Ag\u00eancia FAPESP \u2013 Um conjunto de c\u00e2meras e equipamentos de comunica\u00e7\u00e3o embarcados em bal\u00f5es desenvolvidos com o apoio da FAPESP ajudar\u00e1 a Pol\u00edcia Militar e a Guarda Municipal do Rio de Janeiro na seguran\u00e7a dos <strong><em>Jogos Ol\u00edmpicos<\/em><\/strong> 2016, em agosto, na capital fluminense.<\/p>\n<p>A inova\u00e7\u00e3o \u00e9 resultado de pesquisas realizadas com recursos do  (PIPE) e foi apresentada por Bruno Avena de Azevedo, s\u00f3cio-diretor e pesquisador respons\u00e1vel da Altave Ind\u00fastria, Com\u00e9rcio e Exporta\u00e7\u00e3o de Aeronaves Ltda., durante o Di\u00e1logo sobre Apoio \u00e0 Pesquisa para Inova\u00e7\u00e3o na Pequena Empresa, segunda-feira (28\/03), na sede da Funda\u00e7\u00e3o.<\/p>\n<p>\u201cTrata-se de aer\u00f3statos (plataformas mais leves do que o ar) cativos, que atendem a requisitos de estabilidade e com m\u00faltiplas aplica\u00e7\u00f5es, podendo embarcar uma s\u00e9rie de miss\u00f5es, incluindo equipamentos de radiocomunica\u00e7\u00f5es, c\u00e2meras e radares. De posse dessa tecnologia, \u00e9 poss\u00edvel, por exemplo, prover sensoriamento estrat\u00e9gico para o pa\u00eds em \u00e1reas de fronteira, como na Amaz\u00f4nia, e links de comunica\u00e7\u00e3o para regi\u00f5es remotas, universalizando a banda larga, entre muitas outras solu\u00e7\u00f5es\u201d, explicou Avena.<\/p>\n<p>Os bal\u00f5es ficam presos ao solo por meio de um cabo e funcionam como uma esp\u00e9cie de \u201ctorre flex\u00edvel\u201d, i\u00e7ando equipamentos diversos a at\u00e9 300 metros de altura de forma r\u00e1pida e com custo reduzido. No caso dos aer\u00f3statos desenvolvidos pela empresa para as Olimp\u00edadas, um conjunto de quatro bal\u00f5es com c\u00e2meras observar\u00e1 uma \u00e1rea de 4 km de raio ininterruptamente a 200 metros de altura, com vis\u00e3o de 360\u00b0. De acordo com Avena, \u00e9 a primeira vez que a tecnologia ser\u00e1 usada nos Jogos Ol\u00edmpicos.<\/p>\n<p>\u201cEssa inova\u00e7\u00e3o em n\u00edvel mundial s\u00f3 foi poss\u00edvel gra\u00e7as ao esfor\u00e7o de pesquisa por tr\u00e1s da tecnologia, que garantiu a viabilidade da sua aplica\u00e7\u00e3o sem desconsiderar a seguran\u00e7a do espa\u00e7o a\u00e9reo, respeitando-se a legisla\u00e7\u00e3o brasileira para o uso de aer\u00f3statos, e dos sistemas embarcados, que foram exaustivamente estudados quanto a sua adequa\u00e7\u00e3o \u00e0 plataforma\u201d, afirmou.<\/p>\n<p>A partir do projeto , a Altave foi capaz de projetar aer\u00f3statos suficientemente est\u00e1veis com tecnologia nacional.<\/p>\n<p>Nas Olimp\u00edadas, ser\u00e3o utilizados quatro bal\u00f5es de 6 metros de di\u00e2metro, que ret\u00eam o g\u00e1s h\u00e9lio e sustentam os equipamentos numa g\u00f4ndola, estrutura presa ao inv\u00f3lucro e que suporta os equipamentos de fornecimento de energia, de interface de dados e de monitoramento. Um cabo com a fun\u00e7\u00e3o prim\u00e1ria de resist\u00eancia mec\u00e2nica, prendendo o bal\u00e3o ao solo e evitando que ele voe sem dire\u00e7\u00e3o, far\u00e1 o transporte dos dados coletados e da energia el\u00e9trica, sua fun\u00e7\u00e3o secund\u00e1ria. Abaixo, um guincho i\u00e7a e recolhe o cabo por meio de comandos remotos.<\/p>\n<p>Os bal\u00f5es das Olimp\u00edadas ser\u00e3o posicionados entre os clusters onde ocorrer\u00e3o os jogos: Barra da Tijuca, cobrindo as \u00e1reas do Parque Ol\u00edmpico, do Rio Centro, da Vila dos Atletas, do Campo de Golfe e da Vila de M\u00eddia; Copacabana, abrangendo a Lagoa Rodrigo de Freitas, o Est\u00e1dio Copacabana, o Forte, a Marina da Gl\u00f3ria e o Parque do Flamengo; Deodoro, cobrindo o Centro Nacional de Hipismo, o Centro Nacional do Tiro, a Arena de Deodoro, o Parque de Pentatlo Moderno e os circuitos de mountain bike, canoagem e hockey; e Maracan\u00e3, abrangendo os est\u00e1dios do Maracan\u00e3, Maracan\u00e3zinho e Jo\u00e3o Havelange e o samb\u00f3dromo.<\/p>\n<p>A solu\u00e7\u00e3o de aer\u00f3statos para emprego t\u00e1tico, caso das Olimp\u00edadas, conta ainda com um sistema de monitoramento da sa\u00fade do sistema, controlando par\u00e2metros de press\u00e3o interna dos bal\u00f5es, for\u00e7a aplicada ao cabo e temperatura ambiente, entre outros, fornecendo subs\u00eddios ao operador para tomadas de decis\u00f5es. Foram realizados ainda testes com tiros de fuzil: dos 39 disparos feitos, 18 foram tra\u00e7antes, mas n\u00e3o houve dano ao equipamento, pois os bal\u00f5es murcharam aos poucos, como previsto, e a queda n\u00e3o foi abrupta.<\/p>\n<p>Os pesquisadores da Altave trabalham agora no projeto , no \u00e2mbito da fase 3 do PIPE, realizado junto ao Programa de Apoio \u00e0 Pesquisa em Empresa (PAPPE) da Financiadora de Estudos e Projetos (Finep) e intitulado PIPE\/PAPPE Subven\u00e7\u00e3o. Entre os objetivos est\u00e1 o aprimoramento da tecnologia para que ela seja aplicada sem a necessidade de um operador, permitindo seu uso em ambientes remotos por tempo indeterminado e ampliando as possibilidades na \u00e1rea de telecomunica\u00e7\u00f5es.<\/p>\n<p>Chamada de propostas<\/p>\n<p>Durante o Di\u00e1logo sobre Apoio \u00e0 Pesquisa para Inova\u00e7\u00e3o na Pequena Empresa, a equipe da FAPESP respons\u00e1vel pelo PIPE deu orienta\u00e7\u00f5es a empres\u00e1rios e pesquisadores interessados em, a exemplo de Avena, obter recursos do programa para desenvolver pesquisas voltadas a inova\u00e7\u00f5es.<\/p>\n<p>\u201cO caso da Altave evidencia o potencial da iniciativa privada de S\u00e3o Paulo para a inova\u00e7\u00e3o e a pesquisa cient\u00edfica como importante caminho para isso. A FAPESP realiza periodicamente esses encontros com a comunidade acad\u00eamica e empresarial para facilitar o acesso de boas ideias aos meios que podem ajud\u00e1-las a se tornar realidade\u201d, disse S\u00e9rgio Queiroz, membro da Coordena\u00e7\u00e3o Adjunta da \u00e1rea de Pesquisa para Inova\u00e7\u00e3o da Funda\u00e7\u00e3o.<\/p>\n<p>O encontro foi uma oportunidade para que as empresas interessadas em apresentar projetos ao PIPE esclarecessem d\u00favidas antes do encerramento do prazo do segundo ciclo de an\u00e1lise de propostas do programa para 2016, 2 de maio.<\/p>\n<p>O PIPE apoia a execu\u00e7\u00e3o de pesquisa cient\u00edfica e tecnol\u00f3gica em microempresas e empresas de pequeno porte, com at\u00e9 250 empregados, sediadas no Estado de S\u00e3o Paulo.<\/p>\n<p>Os projetos devem ser conduzidos por pesquisador com v\u00ednculo empregat\u00edcio com a empresa ou a ela associado e as propostas podem ser desenvolvidas em duas etapas: a primeira, de demonstra\u00e7\u00e3o da viabilidade tecnol\u00f3gica do produto ou processo, tem dura\u00e7\u00e3o m\u00e1xima de nove meses e recursos de at\u00e9 R$ 200 mil; a segunda, de desenvolvimento do produto ou processo inovador, tem dura\u00e7\u00e3o m\u00e1xima de 24 meses e recursos de at\u00e9 R$ 1 milh\u00e3o.<\/p>\n<p>Mais informa\u00e7\u00f5es sobre a chamada de propostas vigente est\u00e3o dispon\u00edveis em .<\/p>\n","protected":false},"excerpt":{"rendered":"<p>Diego Freire | Ag\u00eancia FAPESP \u2013 Um conjunto de c\u00e2meras e equipamentos de comunica\u00e7\u00e3o embarcados em bal\u00f5es desenvolvidos com o apoio da FAPESP ajudar\u00e1 a Pol\u00edcia Militar e a Guarda Municipal do Rio de Janeiro na seguran\u00e7a dos Jogos Ol\u00edmpicos 2016, em agosto, na capital fluminense. A inova\u00e7\u00e3o \u00e9 resultado de pesquisas realizadas com recursos [&hellip;]<\/p>\n","protected":false},"author":2,"featured_media":39880,"comment_status":"open","ping_status":"closed","sticky":false,"template":"","format":"standard","meta":{"tdm_status":"","tdm_grid_status":"","footnotes":""},"categories":[22],"tags":[],"class_list":{"0":"post-83454","1":"post","2":"type-post","3":"status-publish","4":"format-standard","5":"has-post-thumbnail","7":"category-brasil"},"_links":{"self":[{"href":"https:\/\/migracao.redenoticia.com.br\/noticia\/wp-json\/wp\/v2\/posts\/83454","targetHints":{"allow":["GET"]}}],"collection":[{"href":"https:\/\/migracao.redenoticia.com.br\/noticia\/wp-json\/wp\/v2\/posts"}],"about":[{"href":"https:\/\/migracao.redenoticia.com.br\/noticia\/wp-json\/wp\/v2\/types\/post"}],"author":[{"embeddable":true,"href":"https:\/\/migracao.redenoticia.com.br\/noticia\/wp-json\/wp\/v2\/users\/2"}],"replies":[{"embeddable":true,"href":"https:\/\/migracao.redenoticia.com.br\/noticia\/wp-json\/wp\/v2\/comments?post=83454"}],"version-history":[{"count":0,"href":"https:\/\/migracao.redenoticia.com.br\/noticia\/wp-json\/wp\/v2\/posts\/83454\/revisions"}],"wp:featuredmedia":[{"embeddable":true,"href":"https:\/\/migracao.redenoticia.com.br\/noticia\/wp-json\/wp\/v2\/media\/39880"}],"wp:attachment":[{"href":"https:\/\/migracao.redenoticia.com.br\/noticia\/wp-json\/wp\/v2\/media?parent=83454"}],"wp:term":[{"taxonomy":"category","embeddable":true,"href":"https:\/\/migracao.redenoticia.com.br\/noticia\/wp-json\/wp\/v2\/categories?post=83454"},{"taxonomy":"post_tag","embeddable":true,"href":"https:\/\/migracao.redenoticia.com.br\/noticia\/wp-json\/wp\/v2\/tags?post=83454"}],"curies":[{"name":"wp","href":"https:\/\/api.w.org\/{rel}","templated":true}]}}