{"id":83456,"date":"2016-04-01T10:37:41","date_gmt":"2016-04-01T13:37:41","guid":{"rendered":"http:\/\/www.redenoticia.com.br\/noticia\/?p=83456"},"modified":"2016-03-31T18:50:04","modified_gmt":"2016-03-31T21:50:04","slug":"fazenda-libera-r-811-milhoes-em-creditos-da-nota-fiscal-paulista-em-abril","status":"publish","type":"post","link":"https:\/\/migracao.redenoticia.com.br\/noticia\/2016\/fazenda-libera-r-811-milhoes-em-creditos-da-nota-fiscal-paulista-em-abril\/83456","title":{"rendered":"Fazenda libera R$ 811 milh\u00f5es em cr\u00e9ditos da Nota Fiscal Paulista em abril"},"content":{"rendered":"<p> Ser\u00e3o liberados R$ 811 milh\u00f5es no m\u00eas de abril em cr\u00e9ditos da <strong><em>Nota Fiscal Paulista<\/em><\/strong> para os participantes do programa. Os valores ser\u00e3o inseridos no sistema para transfer\u00eancia em duas etapas. <\/p>\n<p>Para consumidores e condom\u00ednios ser\u00e3o distribu\u00eddos R$ 756 milh\u00f5es, que poder\u00e3o ser transferidos para contas correntes ou poupan\u00e7a a partir de 11 de abril. J\u00e1 para as entidades sem fins lucrativos ser\u00e3o R$ 55 milh\u00f5es, que poder\u00e3o ser resgatados a partir do dia 27 do mesmo m\u00eas.<\/p>\n<p>Os consumidores pessoas f\u00edsicas e condom\u00ednios receber\u00e3o cr\u00e9ditos relativos \u00e0s notas fiscais com CPF e CNPJ de compras realizadas no 1\u00ba semestre de 2015. O montante a ser liberado para entidades corresponde a documentos fiscais de compras da institui\u00e7\u00e3o e cupons recebidos em doa\u00e7\u00e3o no 2\u00ba semestre do ano passado.<\/p>\n<p>Por essa raz\u00e3o, as funcionalidades da Conta Corrente da Nota Fiscal Paulista ficar\u00e3o temporariamente indispon\u00edveis nas semanas que antecedem a cada uma das libera\u00e7\u00f5es para homologa\u00e7\u00e3o dos valores.<\/p>\n<p>Para as libera\u00e7\u00f5es de abril de 2016 est\u00e3o sendo processados pelo sistema da Fazenda aproximadamente 3 bilh\u00f5es de documentos fiscais e calculados cr\u00e9ditos para cerca de 18 bilh\u00f5es de itens.<\/p>\n<p>Para mais informa\u00e7\u00f5es sobre o calend\u00e1rio de libera\u00e7\u00e3o, .<\/p>\n<p>Do Portal do Governo do Estado SP<\/p>\n","protected":false},"excerpt":{"rendered":"<p>Ser\u00e3o liberados R$ 811 milh\u00f5es no m\u00eas de abril em cr\u00e9ditos da Nota Fiscal Paulista para os participantes do programa. Os valores ser\u00e3o inseridos no sistema para transfer\u00eancia em duas etapas. Para consumidores e condom\u00ednios ser\u00e3o distribu\u00eddos R$ 756 milh\u00f5es, que poder\u00e3o ser transferidos para contas correntes ou poupan\u00e7a a partir de 11 de abril. [&hellip;]<\/p>\n","protected":false},"author":2,"featured_media":18269,"comment_status":"open","ping_status":"closed","sticky":false,"template":"","format":"standard","meta":{"tdm_status":"","tdm_grid_status":"","footnotes":""},"categories":[22],"tags":[],"class_list":{"0":"post-83456","1":"post","2":"type-post","3":"status-publish","4":"format-standard","5":"has-post-thumbnail","7":"category-brasil"},"_links":{"self":[{"href":"https:\/\/migracao.redenoticia.com.br\/noticia\/wp-json\/wp\/v2\/posts\/83456","targetHints":{"allow":["GET"]}}],"collection":[{"href":"https:\/\/migracao.redenoticia.com.br\/noticia\/wp-json\/wp\/v2\/posts"}],"about":[{"href":"https:\/\/migracao.redenoticia.com.br\/noticia\/wp-json\/wp\/v2\/types\/post"}],"author":[{"embeddable":true,"href":"https:\/\/migracao.redenoticia.com.br\/noticia\/wp-json\/wp\/v2\/users\/2"}],"replies":[{"embeddable":true,"href":"https:\/\/migracao.redenoticia.com.br\/noticia\/wp-json\/wp\/v2\/comments?post=83456"}],"version-history":[{"count":0,"href":"https:\/\/migracao.redenoticia.com.br\/noticia\/wp-json\/wp\/v2\/posts\/83456\/revisions"}],"wp:featuredmedia":[{"embeddable":true,"href":"https:\/\/migracao.redenoticia.com.br\/noticia\/wp-json\/wp\/v2\/media\/18269"}],"wp:attachment":[{"href":"https:\/\/migracao.redenoticia.com.br\/noticia\/wp-json\/wp\/v2\/media?parent=83456"}],"wp:term":[{"taxonomy":"category","embeddable":true,"href":"https:\/\/migracao.redenoticia.com.br\/noticia\/wp-json\/wp\/v2\/categories?post=83456"},{"taxonomy":"post_tag","embeddable":true,"href":"https:\/\/migracao.redenoticia.com.br\/noticia\/wp-json\/wp\/v2\/tags?post=83456"}],"curies":[{"name":"wp","href":"https:\/\/api.w.org\/{rel}","templated":true}]}}