{"id":83460,"date":"2016-04-01T10:51:20","date_gmt":"2016-04-01T13:51:20","guid":{"rendered":"http:\/\/www.redenoticia.com.br\/noticia\/?p=83460"},"modified":"2016-03-31T18:52:31","modified_gmt":"2016-03-31T21:52:31","slug":"bc-projeta-inflacao-em-66-e-queda-de-35-da-economia-para-este-ano","status":"publish","type":"post","link":"https:\/\/migracao.redenoticia.com.br\/noticia\/2016\/bc-projeta-inflacao-em-66-e-queda-de-35-da-economia-para-este-ano\/83460","title":{"rendered":"BC projeta infla\u00e7\u00e3o em 6,6% e queda de 3,5% da economia para este ano"},"content":{"rendered":"<p> A <strong><em>infla\u00e7\u00e3o<\/em><\/strong>, medida pelo \u00cdndice Nacional de Pre\u00e7os ao Consumidor Amplo (IPCA), deve fechar este ano em 6,6%, segundo proje\u00e7\u00e3o do Relat\u00f3rio de Infla\u00e7\u00e3o, editado trimestralmente pelo Banco Central (BC). A estimativa anterior, publicada em dezembro, era 6,2%. Para 2017, a estimativa de infla\u00e7\u00e3o passou de 4,8% para 4,9%. Em 12 meses encerrados em mar\u00e7o de 2018, a proje\u00e7\u00e3o de infla\u00e7\u00e3o \u00e9 4,5%.<\/p>\n<p>Esses c\u00e1lculos s\u00e3o do cen\u00e1rio de refer\u00eancia, elaborado com base na taxa b\u00e1sica de juros, a Selic, no atual patamar (14,25% ao ano), e o d\u00f3lar a R$ 3,70. O BC tamb\u00e9m divulga estimativas do cen\u00e1rio de mercado, em que s\u00e3o usadas proje\u00e7\u00f5es de analistas de institui\u00e7\u00f5es financeiras para a taxa Selic e c\u00e2mbio. Neste caso, o IPCA tamb\u00e9m deve ficar em 6,9% este ano, ante 6,3% previstos em dezembro \u00faltimo. Para 2017, a estimativa de mercado foi ajustada de 4,9% para 5,4%.<\/p>\n<p>Infla\u00e7\u00e3o<\/p>\n<p>O Conselho Monet\u00e1rio Nacional (CMN) definiu como centro da meta de infla\u00e7\u00e3o 4,5% para 2016 e 2017. O limite superior \u00e9 6,5% este ano, e 6% em 2017. Ou seja, tanto na proje\u00e7\u00e3o do BC quanto na do mercado, a infla\u00e7\u00e3o vai ultrapassar o teto da meta este ano.<\/p>\n<p>O Banco Central espera por maior retra\u00e7\u00e3o da economia este ano. A proje\u00e7\u00e3o para a queda do Produto Interno Bruto (PIB), soma de todos os bens e servi\u00e7os produzidos, passou de 1,9%, divulgada em dezembro, para 3,5%.<\/p>\n<p> Pela proje\u00e7\u00e3o do BC, a produ\u00e7\u00e3o agropecu\u00e1ria dever\u00e1 aumentar 0,2% este ano (1,8% em 2015 e 2,1% em 2014). A atividade industrial dever\u00e1 retrair 5,8% em 2016, terceiro recuo anual consecutivo.<\/p>\n<p>O BC tamb\u00e9m projeta recuou de 2,4% para o setor terci\u00e1rio em 2016 e destaca as contra\u00e7\u00f5es nos segmentos de com\u00e9rcio (7%), transportes, armazenagem e correio (5,6%) e outros servi\u00e7os (3,1%).<\/p>\n<p>O c\u00e1lculo para a redu\u00e7\u00e3o do consumo das fam\u00edlias \u00e9 de 3,3%. Segundo o BC, a proje\u00e7\u00e3o \u00e9 consistente com o cen\u00e1rio do mercado de trabalho, redu\u00e7\u00e3o da renda e crescimento modesto esperado para o mercado de cr\u00e9dito.<\/p>\n<p>\u201cO consumo do governo, evidenciando a continuidade do ajuste fiscal em curso, dever\u00e1 recuar 0,7% em 2016 (-1,0% em 2015)\u201d, acrescentou o Banco Central.<\/p>\n<p>A retra\u00e7\u00e3o da Forma\u00e7\u00e3o Bruta de Capital Fixo (investimentos) \u00e9 13%, terceiro recuo anual consecutivo. Segundo o BC, essa expectativa de queda \u00e9 influenciada pelo corte de gastos p\u00fablicos, pelo reduzido n\u00edvel de utiliza\u00e7\u00e3o da capacidade de produ\u00e7\u00e3o da ind\u00fastria e pelo n\u00edvel deteriorado da confian\u00e7a dos empres\u00e1rios.<\/p>\n<p>As exporta\u00e7\u00f5es devem crescer 6% e as importa\u00e7\u00f5es podem cair 15%. \u201cA proje\u00e7\u00e3o para as vendas externas reflete o patamar elevado da produ\u00e7\u00e3o de culturas agr\u00edcolas importantes na pauta de exporta\u00e7\u00f5es e o maior dinamismo esperado para as exporta\u00e7\u00f5es de bens industriais, que dever\u00e3o ser favorecidas pelos ganhos de competitividade decorrentes da deprecia\u00e7\u00e3o do real[alta do d\u00f3lar]\u201d, diz o BC.<\/p>\n<p>J\u00e1 a retra\u00e7\u00e3o das importa\u00e7\u00f5es \u201crepercute o ambiente de retra\u00e7\u00e3o no consumo, no investimento e a deprecia\u00e7\u00e3o do real\u201d.<\/p>\n<p>Kelly Oliveira &#8211; Rep\u00f3rter da Ag\u00eancia Brasil<br \/>\nEdi\u00e7\u00e3o: Kleber Sampaio<br \/>\n01\/04\/2016<\/p>\n","protected":false},"excerpt":{"rendered":"<p>A infla\u00e7\u00e3o, medida pelo \u00cdndice Nacional de Pre\u00e7os ao Consumidor Amplo (IPCA), deve fechar este ano em 6,6%, segundo proje\u00e7\u00e3o do Relat\u00f3rio de Infla\u00e7\u00e3o, editado trimestralmente pelo Banco Central (BC). A estimativa anterior, publicada em dezembro, era 6,2%. Para 2017, a estimativa de infla\u00e7\u00e3o passou de 4,8% para 4,9%. Em 12 meses encerrados em mar\u00e7o [&hellip;]<\/p>\n","protected":false},"author":2,"featured_media":34916,"comment_status":"open","ping_status":"closed","sticky":false,"template":"","format":"standard","meta":{"tdm_status":"","tdm_grid_status":"","footnotes":""},"categories":[22,7],"tags":[],"class_list":{"0":"post-83460","1":"post","2":"type-post","3":"status-publish","4":"format-standard","5":"has-post-thumbnail","7":"category-brasil","8":"category-economia"},"_links":{"self":[{"href":"https:\/\/migracao.redenoticia.com.br\/noticia\/wp-json\/wp\/v2\/posts\/83460","targetHints":{"allow":["GET"]}}],"collection":[{"href":"https:\/\/migracao.redenoticia.com.br\/noticia\/wp-json\/wp\/v2\/posts"}],"about":[{"href":"https:\/\/migracao.redenoticia.com.br\/noticia\/wp-json\/wp\/v2\/types\/post"}],"author":[{"embeddable":true,"href":"https:\/\/migracao.redenoticia.com.br\/noticia\/wp-json\/wp\/v2\/users\/2"}],"replies":[{"embeddable":true,"href":"https:\/\/migracao.redenoticia.com.br\/noticia\/wp-json\/wp\/v2\/comments?post=83460"}],"version-history":[{"count":0,"href":"https:\/\/migracao.redenoticia.com.br\/noticia\/wp-json\/wp\/v2\/posts\/83460\/revisions"}],"wp:featuredmedia":[{"embeddable":true,"href":"https:\/\/migracao.redenoticia.com.br\/noticia\/wp-json\/wp\/v2\/media\/34916"}],"wp:attachment":[{"href":"https:\/\/migracao.redenoticia.com.br\/noticia\/wp-json\/wp\/v2\/media?parent=83460"}],"wp:term":[{"taxonomy":"category","embeddable":true,"href":"https:\/\/migracao.redenoticia.com.br\/noticia\/wp-json\/wp\/v2\/categories?post=83460"},{"taxonomy":"post_tag","embeddable":true,"href":"https:\/\/migracao.redenoticia.com.br\/noticia\/wp-json\/wp\/v2\/tags?post=83460"}],"curies":[{"name":"wp","href":"https:\/\/api.w.org\/{rel}","templated":true}]}}