{"id":83462,"date":"2016-04-01T10:52:35","date_gmt":"2016-04-01T13:52:35","guid":{"rendered":"http:\/\/www.redenoticia.com.br\/noticia\/?p=83462"},"modified":"2016-03-31T18:53:51","modified_gmt":"2016-03-31T21:53:51","slug":"eletrobras-tem-resultado-negativo-de-r-144-bilhoes-em-2015","status":"publish","type":"post","link":"https:\/\/migracao.redenoticia.com.br\/noticia\/2016\/eletrobras-tem-resultado-negativo-de-r-144-bilhoes-em-2015\/83462","title":{"rendered":"Eletrobras tem resultado negativo de R$ 14,4 bilh\u00f5es em 2015"},"content":{"rendered":"<p> A <strong><em>Eletrobras<\/em><\/strong> fechou 2015 com um resultado negativo de R$ 14,4 bilh\u00f5es. O balan\u00e7o da holding brasileira do setor el\u00e9trico indica que em 2014 a empresa tamb\u00e9m havia fechado com balan\u00e7o negativo: R$ 3 bilh\u00f5es. Segundo nota da Eletrobr\u00e1s (Centrais El\u00e9tricas Brasileiras), entre os principais fatores que levaram ao preju\u00edzo bilion\u00e1rio figuram a provis\u00e3o de R$ 7 bilh\u00f5es para conting\u00eancias judiciais, com destaque para o empr\u00e9stimo compuls\u00f3rio de R$ 5,3 bilh\u00f5es; preju\u00edzo de R$ 5,1 bilh\u00f5es das empresas de distribui\u00e7\u00e3o; e o impairments de R$ 6 bilh\u00f5es, dos quais R$ 5 bilh\u00f5es somente para a Usina Nuclear de Angra 3.<\/p>\n<p>Impairtments \u00e9 uma palavra em ingl\u00eas que significa deteriora\u00e7\u00e3o e \u00e9 uma regra segundo a qual a uma companhia dever\u00e1 efetuar, periodicamente, an\u00e1lise sobre a recupera\u00e7\u00e3o de valores registrados (imobilizado e financeiro) ao valor recuper\u00e1vel estimado com base no valor presente do fluxo de caixa projetado.<\/p>\n<p>Dados positivos<\/p>\n<p>J\u00e1 os impactos positivos no balan\u00e7o foram a revers\u00e3o de provis\u00e3o para perdas em investimentos, que totalizaram R$ 611 milh\u00f5es, principalmente em fun\u00e7\u00e3o da revers\u00e3o de provis\u00e3o de passivo do Imposto Sobre Circula\u00e7\u00e3o de Mercadorias e Servi\u00e7os (ICMS) da Amazonas Energia,  (R$ 1,1 bilh\u00e3o), em raz\u00e3o de decis\u00e3o judicial favor\u00e1vel; aumento de 22,5% na receita de opera\u00e7\u00e3o e manuten\u00e7\u00e3o no segmento de transmiss\u00e3o, devido ao reajuste tarif\u00e1rio anual, influenciado positivamente pela alta do IPCA; e pelas novas receitas decorrentes de investimentos em melhorias e refor\u00e7os no sistema.<\/p>\n<p>Houve, ainda, melhora de 146% no resultado de participa\u00e7\u00f5es societ\u00e1rias e repasse de Itaipu de R$ 234 milh\u00f5es. Um fator positivo no balan\u00e7o foi, segundo a Eletrobras, o Ebitda (lucro antes das dedu\u00e7\u00f5es de juros, impostos, deprecia\u00e7\u00e3o e amortiza\u00e7\u00e3o), ajustado positivamente em R$ 2,8 bilh\u00f5es, descontados a provis\u00e3o judicial e os impairments.<\/p>\n<p>Receita<\/p>\n<p>Tamb\u00e9m afetaram negativamente o balan\u00e7o da Eletrobras a redu\u00e7\u00e3o de 53% da receita de venda de energia de curto prazo, na C\u00e2mara de Comercializa\u00e7\u00e3o de Energia El\u00e9trica (Ccee), reflexo principalmente da queda no valor do Pre\u00e7o da Liquida\u00e7\u00e3o de Diferen\u00e7as (PLD) e, tamb\u00e9m, a energia vendida pela Eletrobr\u00e1s, Eletronorte e Furnas, a longo prazo, no leil\u00e3o A-1.<\/p>\n<p>A empresa esclareceu que, em 2015, n\u00e3o foram apurados ganhos com as indeniza\u00e7\u00f5es suplementares de transmiss\u00e3o (Rbse), cujos valores pleiteados pela Eletrobras s\u00e3o superiores aos contabilizados, uma vez que a Ag\u00eancia Nacional de Energia El\u00e9trica (Aneel) ainda n\u00e3o homologou os valores pleiteados pela Companhia Hidrel\u00e9trica do S\u00e3o Francisco (Chesf) e pela Eletronorte. Quanto aos valores homologados de Furnas e Eletrosul, \u00e9 necess\u00e1ria a defini\u00e7\u00e3o pelo poder concedente da forma como o pagamento da indeniza\u00e7\u00e3o ser\u00e1 feito.<\/p>\n<p>Nielmar de Oliveira &#8211; Rep\u00f3rter da Ag\u00eancia Brasil<br \/>\nEdi\u00e7\u00e3o: Kleber Sampaio<br \/>\n01\/04\/2016<\/p>\n","protected":false},"excerpt":{"rendered":"<p>A Eletrobras fechou 2015 com um resultado negativo de R$ 14,4 bilh\u00f5es. O balan\u00e7o da holding brasileira do setor el\u00e9trico indica que em 2014 a empresa tamb\u00e9m havia fechado com balan\u00e7o negativo: R$ 3 bilh\u00f5es. Segundo nota da Eletrobr\u00e1s (Centrais El\u00e9tricas Brasileiras), entre os principais fatores que levaram ao preju\u00edzo bilion\u00e1rio figuram a provis\u00e3o de [&hellip;]<\/p>\n","protected":false},"author":2,"featured_media":57583,"comment_status":"open","ping_status":"closed","sticky":false,"template":"","format":"standard","meta":{"tdm_status":"","tdm_grid_status":"","footnotes":""},"categories":[22,7],"tags":[],"class_list":{"0":"post-83462","1":"post","2":"type-post","3":"status-publish","4":"format-standard","5":"has-post-thumbnail","7":"category-brasil","8":"category-economia"},"_links":{"self":[{"href":"https:\/\/migracao.redenoticia.com.br\/noticia\/wp-json\/wp\/v2\/posts\/83462","targetHints":{"allow":["GET"]}}],"collection":[{"href":"https:\/\/migracao.redenoticia.com.br\/noticia\/wp-json\/wp\/v2\/posts"}],"about":[{"href":"https:\/\/migracao.redenoticia.com.br\/noticia\/wp-json\/wp\/v2\/types\/post"}],"author":[{"embeddable":true,"href":"https:\/\/migracao.redenoticia.com.br\/noticia\/wp-json\/wp\/v2\/users\/2"}],"replies":[{"embeddable":true,"href":"https:\/\/migracao.redenoticia.com.br\/noticia\/wp-json\/wp\/v2\/comments?post=83462"}],"version-history":[{"count":0,"href":"https:\/\/migracao.redenoticia.com.br\/noticia\/wp-json\/wp\/v2\/posts\/83462\/revisions"}],"wp:featuredmedia":[{"embeddable":true,"href":"https:\/\/migracao.redenoticia.com.br\/noticia\/wp-json\/wp\/v2\/media\/57583"}],"wp:attachment":[{"href":"https:\/\/migracao.redenoticia.com.br\/noticia\/wp-json\/wp\/v2\/media?parent=83462"}],"wp:term":[{"taxonomy":"category","embeddable":true,"href":"https:\/\/migracao.redenoticia.com.br\/noticia\/wp-json\/wp\/v2\/categories?post=83462"},{"taxonomy":"post_tag","embeddable":true,"href":"https:\/\/migracao.redenoticia.com.br\/noticia\/wp-json\/wp\/v2\/tags?post=83462"}],"curies":[{"name":"wp","href":"https:\/\/api.w.org\/{rel}","templated":true}]}}