{"id":83469,"date":"2016-04-01T20:04:31","date_gmt":"2016-04-01T23:04:31","guid":{"rendered":"http:\/\/www.redenoticia.com.br\/noticia\/?p=83469"},"modified":"2016-04-05T19:43:11","modified_gmt":"2016-04-05T22:43:11","slug":"novela-velho-chico-resumo-0204-afranio-observa-iolanda-com-ar-de-tristeza","status":"publish","type":"post","link":"https:\/\/migracao.redenoticia.com.br\/noticia\/2016\/novela-velho-chico-resumo-0204-afranio-observa-iolanda-com-ar-de-tristeza\/83469","title":{"rendered":"Novela \u201cVelho Chico\u201d resumo 02\/04: Afr\u00e2nio observa Iolanda com ar de tristeza"},"content":{"rendered":"<p> <img loading=\"lazy\" decoding=\"async\" class=\"alignleft size-thumbnail wp-image-82169\" src=\"https:\/\/migracao.redenoticia.com.br\/noticia\/imagens\/velho_chico_novela_resumo_globo-150x112.jpg\" alt=\"velho_chico_novela_resumo_globo\" width=\"150\" height=\"112\" srcset=\"https:\/\/migracao.redenoticia.com.br\/noticia\/imagens\/velho_chico_novela_resumo_globo-150x112.jpg 150w, https:\/\/migracao.redenoticia.com.br\/noticia\/imagens\/velho_chico_novela_resumo_globo-265x198.jpg 265w\" sizes=\"auto, (max-width: 150px) 100vw, 150px\" \/><strong><em>Novela \u201cVelho Chico\u201d resumo 02\/04<\/em><\/strong>: o coronel Afr\u00e2nio deixa a fazenda, leva Tereza para um col\u00e9gio interno e procura Iolanda. A cantora de sucesso bater\u00e1 os olhos no antigo amor e fica nervosa. Afr\u00e2nio observa Iolanda com ar de tristeza. Quando termina o show, a cantora corre para a cochia e Afr\u00e2nio sai do local, sem falar com ela.<\/p>\n<p>No capitulo 018 (*), novela \u201cVelho Chico\u201d, s\u00e1bado, 02 de abril &#8211; Luzia conta para Santo que Tereza se casar\u00e1 com outro. Eul\u00e1lia vibra com os novos neg\u00f3cios de sua fazenda, liderados por Santo. <\/p>\n<p>Bento culpa Santo pela morte de Belmiro. Tereza sofre com o sil\u00eancio de Santo. Encarna\u00e7\u00e3o sugere que Afr\u00e2nio encontre um pretendente para casar com Tereza. Afr\u00e2nio procura Iolanda e Encarna\u00e7\u00e3o repreende o filho. <\/p>\n<p>Emocionado com as lembran\u00e7as de Belmiro, Santo abra\u00e7a Luzia. Bento afirma a Luzia que s\u00f3 voltar\u00e1 a falar com Santo quando o irm\u00e3o desistir de Tereza.<\/p>\n<p>(*) edi\u00e7\u00e3o da Rede Globo, Novela \u201cVelho Chico\u201d, sujeito a altera\u00e7\u00e3o de data e conte\u00fado.<\/p>\n","protected":false},"excerpt":{"rendered":"<p>Novela \u201cVelho Chico\u201d resumo 02\/04: o coronel Afr\u00e2nio deixa a fazenda, leva Tereza para um col\u00e9gio interno e procura Iolanda. A cantora de sucesso bater\u00e1 os olhos no antigo amor e fica nervosa. Afr\u00e2nio observa Iolanda com ar de tristeza. Quando termina o show, a cantora corre para a cochia e Afr\u00e2nio sai do local, [&hellip;]<\/p>\n","protected":false},"author":2,"featured_media":82169,"comment_status":"open","ping_status":"closed","sticky":false,"template":"","format":"standard","meta":{"tdm_status":"","tdm_grid_status":"","footnotes":""},"categories":[379,375,343],"tags":[441],"class_list":{"0":"post-83469","1":"post","2":"type-post","3":"status-publish","4":"format-standard","5":"has-post-thumbnail","7":"category-novelas","8":"category-rede-globo","9":"category-televisao","10":"tag-resumo-do-dia"},"_links":{"self":[{"href":"https:\/\/migracao.redenoticia.com.br\/noticia\/wp-json\/wp\/v2\/posts\/83469","targetHints":{"allow":["GET"]}}],"collection":[{"href":"https:\/\/migracao.redenoticia.com.br\/noticia\/wp-json\/wp\/v2\/posts"}],"about":[{"href":"https:\/\/migracao.redenoticia.com.br\/noticia\/wp-json\/wp\/v2\/types\/post"}],"author":[{"embeddable":true,"href":"https:\/\/migracao.redenoticia.com.br\/noticia\/wp-json\/wp\/v2\/users\/2"}],"replies":[{"embeddable":true,"href":"https:\/\/migracao.redenoticia.com.br\/noticia\/wp-json\/wp\/v2\/comments?post=83469"}],"version-history":[{"count":0,"href":"https:\/\/migracao.redenoticia.com.br\/noticia\/wp-json\/wp\/v2\/posts\/83469\/revisions"}],"wp:featuredmedia":[{"embeddable":true,"href":"https:\/\/migracao.redenoticia.com.br\/noticia\/wp-json\/wp\/v2\/media\/82169"}],"wp:attachment":[{"href":"https:\/\/migracao.redenoticia.com.br\/noticia\/wp-json\/wp\/v2\/media?parent=83469"}],"wp:term":[{"taxonomy":"category","embeddable":true,"href":"https:\/\/migracao.redenoticia.com.br\/noticia\/wp-json\/wp\/v2\/categories?post=83469"},{"taxonomy":"post_tag","embeddable":true,"href":"https:\/\/migracao.redenoticia.com.br\/noticia\/wp-json\/wp\/v2\/tags?post=83469"}],"curies":[{"name":"wp","href":"https:\/\/api.w.org\/{rel}","templated":true}]}}