{"id":83478,"date":"2016-04-01T22:38:40","date_gmt":"2016-04-02T01:38:40","guid":{"rendered":"http:\/\/www.redenoticia.com.br\/noticia\/?p=83478"},"modified":"2018-08-13T10:40:30","modified_gmt":"2018-08-13T13:40:30","slug":"bbb-16-votacao-em-geralda-e-ronan-movimenta-as-enquetes","status":"publish","type":"post","link":"https:\/\/migracao.redenoticia.com.br\/noticia\/2016\/bbb-16-votacao-em-geralda-e-ronan-movimenta-as-enquetes\/83478","title":{"rendered":"\u201cBBB\u201d 16: vota\u00e7\u00e3o em Geralda e Ronan movimentou as enquetes"},"content":{"rendered":"<p><img loading=\"lazy\" decoding=\"async\" src=\"https:\/\/migracao.redenoticia.com.br\/noticia\/imagens\/bbb_enquete_votacao-150x112.jpg\" alt=\"bbb_enquete_votacao\" width=\"150\" height=\"112\" class=\"alignleft size-thumbnail wp-image-64479\" srcset=\"https:\/\/migracao.redenoticia.com.br\/noticia\/imagens\/bbb_enquete_votacao-150x112.jpg 150w, https:\/\/migracao.redenoticia.com.br\/noticia\/imagens\/bbb_enquete_votacao-265x198.jpg 265w\" sizes=\"auto, (max-width: 150px) 100vw, 150px\" \/><em><strong>\u201cBBB&#8221; 16 vota\u00e7\u00e3o enquete:<\/strong><\/em> em 01\/04, Geralda somou 5 pontos (Norte 50,48 %; Nordeste 52,46 %; Centro-Oeste 48,19 %; Sudeste 53,06 %; Sul 60,66 %; Telefone e SMS 61,86 % dos votos) e foi eliminada do programa. O Pared\u00e3o come\u00e7ou em 31\/03, no programa ao vivo, quando Pedro Bial anunciou a \u00faltima etapa da prova do L\u00edder: &#8211; vai ser um quizz com quest\u00f5es relativas ao &#8220;BBB&#8221;16. Como Geralda ganhou uma etapa, come\u00e7a com um ponto. Munik e Ronan tem um ponto. Cacau n\u00e3o tem nenhum ponto, mas \u00e9 s\u00f3 uma diferen\u00e7a m\u00ednima. Eu fa\u00e7o a afirma\u00e7\u00e3o e voc\u00eas indicam se o fato \u00e9 falso ou verdadeiro. Vale a lideran\u00e7a com imunidade. Geralda, Maria Claudia, Munik e Ronan foram para a \u00e1rea externa para come\u00e7arem a prova. <\/p>\n<p>Not\u00edcia Relacionada:<\/p>\n<p>\u201cBBB\u201d 16: <\/p>\n<p>Ronan, Munik e Geralda acumularam um ponto cada nas etapas anteriores e come\u00e7aram esta etapa com vantagem. Todos participaram do Quiz relativo ao &#8220;BBB&#8221;16. No final da prova, Cacau acumulou mais pontos, venceu a prova e ganhou imunidade. A L\u00edder indicou Geralda para o Pared\u00e3o, que escolheu Ronan para enfrentar na berlinda. <\/p>\n<p>No jardim da casa, os emparedados fizeram suas defesas. Geralda foi a primeira: &#8211; Pe\u00e7o que me deixem ficar at\u00e9 o final. Pe\u00e7o que o povo me ajude. Nossa, \u00e9 t\u00e3o dif\u00edcil ficar falando. Eu estou nervosa.<\/p>\n<p>Em seguida, foi a vez de Ronan: &#8211; Eu quero ficar. Desde o come\u00e7o entrei aqui para jogar de verdade, para ser o campe\u00e3o dessa edi\u00e7\u00e3o. Espero que me deixem novamente e que me fa\u00e7am o campe\u00e3o do jogo.<\/p>\n<p>No final do programa ao vivo, Pedro Bial deu largada na vota\u00e7\u00e3o do pared\u00e3o. O quarto colocado do &#8220;BBB&#8221; 16 deixou a casa nesta sexta-feira, dia 1\u00ba de abril.<\/p>\n<p><script type=\"text\/javascript\" charset=\"utf-8\" src=\"http:\/\/static.polldaddy.com\/p\/9370178.js\"><\/script><br \/>\n<noscript><\/noscript><\/p>\n<p>Evolu\u00e7\u00e3o da vota\u00e7\u00e3o na enquete Rede Not\u00edcia: Quem deve sair do \u201cBBB\u201d 16?<br \/>\n(31\/03 23h47) &#8211; Geralda 58,26%; Ronan 41,74%;   3.491 votos.<br \/>\n(01\/04 01h54) &#8211; Geralda 56,34%; Ronan 43,66%;  20.339 votos.<br \/>\n(01\/04 12h10) &#8211; Geralda 54,52%; Ronan 45,48%;  52.974 votos.<br \/>\n(01\/04 22h07) &#8211; Geralda 55,33%; Ronan 44,67%; 110.084 votos.<\/p>\n<p>Na Enquete Uol \u2013 Entre Geralda e Ronan, quem deve sair?<br \/>\n(31\/03 23h47) &#8211; Geralda 51,97%; Ronan 48,03%;   4.533 votos.<br \/>\n(01\/04 01h54) &#8211; Geralda 50,02%; Ronan 49,98%;  11.220 votos.<br \/>\n(01\/04 12h10) &#8211; Geralda 50,03%; Ronan 49,97%; 103.818 votos.<br \/>\n(01\/04 22h07) &#8211; Geralda 50,04%; Ronan 49,96%; 263.067 votos.<\/p>\n<p>A vota\u00e7\u00e3o oficial aconteceu no endere\u00e7o da\u00a0.<\/p>\n<p>Fonte \u201cBBB&#8221; 16 \u2013 Vota\u00e7\u00e3o Enquete<\/p>\n<p>Not\u00edcias relacionadas:<br \/>\n\u201cBBB\u201d 16:<br \/>\n\u201cBBB\u201d 16 enquete: <\/p>\n<p>&#8212;<br \/>\nConcorrentes que entraram na casa em 19\/01: Ad\u00e9lia (Advogada, mora em S\u00e3o Paulo); Alan (Doutor em Filosofia em Natal, Rio Grande do Norte); Ana Paula (mineira de 34 anos, formada em Comunica\u00e7\u00e3o); Daniel (empres\u00e1rio, 38 anos,carioca); Harumi (64 anos, Jornalista em S\u00e3o Paulo); Juliana (paulista, bailarina, 31 anos); La\u00e9rcio (53 anos, curitibano, designer de tatuagem); Maria Claudia (youtuber de Santa Cruz, Rio Grande do Norte, 19 anos); Munik (estudante, goiana de 19 anos); Renan (modelo, nascido em Amparo, interior de S\u00e3o Paulo, tem 29 anos); Ronan (estudante de filosofia em Curitiba, 27 anos); Tamiel (41 anos, professor de Ecologia em Goi\u00e2nia).<\/p>\n<p>Concorrentes que entraram na casa em 23\/01: Geralda (63 anos, professora aposentada de Minas Gerais); William ou Blackout (35 anos, seguran\u00e7a); Fernanda (28 anos, escritora e artista mineira); Matheus (25 anos, Engenheiro de Minas).<\/p>\n","protected":false},"excerpt":{"rendered":"<p>\u201cBBB&#8221; 16 vota\u00e7\u00e3o enquete: em 01\/04, Geralda somou 5 pontos (Norte 50,48 %; Nordeste 52,46 %; Centro-Oeste 48,19 %; Sudeste 53,06 %; Sul 60,66 %; Telefone e SMS 61,86 % dos votos) e foi eliminada do programa. O Pared\u00e3o come\u00e7ou em 31\/03, no programa ao vivo, quando Pedro Bial anunciou a \u00faltima etapa da prova [&hellip;]<\/p>\n","protected":false},"author":2,"featured_media":64479,"comment_status":"open","ping_status":"closed","sticky":false,"template":"","format":"standard","meta":{"tdm_status":"","tdm_grid_status":"","footnotes":""},"categories":[520,375,343],"tags":[],"class_list":{"0":"post-83478","1":"post","2":"type-post","3":"status-publish","4":"format-standard","5":"has-post-thumbnail","7":"category-big-brother-brasil","8":"category-rede-globo","9":"category-televisao"},"_links":{"self":[{"href":"https:\/\/migracao.redenoticia.com.br\/noticia\/wp-json\/wp\/v2\/posts\/83478","targetHints":{"allow":["GET"]}}],"collection":[{"href":"https:\/\/migracao.redenoticia.com.br\/noticia\/wp-json\/wp\/v2\/posts"}],"about":[{"href":"https:\/\/migracao.redenoticia.com.br\/noticia\/wp-json\/wp\/v2\/types\/post"}],"author":[{"embeddable":true,"href":"https:\/\/migracao.redenoticia.com.br\/noticia\/wp-json\/wp\/v2\/users\/2"}],"replies":[{"embeddable":true,"href":"https:\/\/migracao.redenoticia.com.br\/noticia\/wp-json\/wp\/v2\/comments?post=83478"}],"version-history":[{"count":0,"href":"https:\/\/migracao.redenoticia.com.br\/noticia\/wp-json\/wp\/v2\/posts\/83478\/revisions"}],"wp:featuredmedia":[{"embeddable":true,"href":"https:\/\/migracao.redenoticia.com.br\/noticia\/wp-json\/wp\/v2\/media\/64479"}],"wp:attachment":[{"href":"https:\/\/migracao.redenoticia.com.br\/noticia\/wp-json\/wp\/v2\/media?parent=83478"}],"wp:term":[{"taxonomy":"category","embeddable":true,"href":"https:\/\/migracao.redenoticia.com.br\/noticia\/wp-json\/wp\/v2\/categories?post=83478"},{"taxonomy":"post_tag","embeddable":true,"href":"https:\/\/migracao.redenoticia.com.br\/noticia\/wp-json\/wp\/v2\/tags?post=83478"}],"curies":[{"name":"wp","href":"https:\/\/api.w.org\/{rel}","templated":true}]}}