{"id":83492,"date":"2016-04-01T18:53:42","date_gmt":"2016-04-01T21:53:42","guid":{"rendered":"http:\/\/www.redenoticia.com.br\/noticia\/?p=83492"},"modified":"2016-04-05T19:43:12","modified_gmt":"2016-04-05T22:43:12","slug":"novela-totalmente-demais-resumo-0204-sofia-observa-lili-e-rafael","status":"publish","type":"post","link":"https:\/\/migracao.redenoticia.com.br\/noticia\/2016\/novela-totalmente-demais-resumo-0204-sofia-observa-lili-e-rafael\/83492","title":{"rendered":"Novela \u201cTotalmente Demais\u201d resumo 02\/04: Sofia observa Lili e Rafael"},"content":{"rendered":"<p> <strong><em><img loading=\"lazy\" decoding=\"async\" class=\"alignleft size-thumbnail wp-image-76581\" src=\"https:\/\/migracao.redenoticia.com.br\/noticia\/imagens\/totalmente_demais_novela_resumo_globo-150x112.jpg\" alt=\"totalmente_demais_novela_resumo_globo\" width=\"150\" height=\"112\" srcset=\"https:\/\/migracao.redenoticia.com.br\/noticia\/imagens\/totalmente_demais_novela_resumo_globo-150x112.jpg 150w, https:\/\/migracao.redenoticia.com.br\/noticia\/imagens\/totalmente_demais_novela_resumo_globo-265x198.jpg 265w\" sizes=\"auto, (max-width: 150px) 100vw, 150px\" \/>Novela \u201cTotalmente Demais\u201d resumo 02\/04<\/em><\/strong>: Andando pelo bairro de F\u00e1tima, Lili v\u00ea um vulto na rua e tem certeza de que \u00e9 sua filha. Atordoada, ela pede para que Rafael veja a foto que tirou no momento em que ela viu a filha. Rafael imprime uma imagem mais n\u00edtida, mas ainda fica a d\u00favida se \u00e9 ou n\u00e3o Sofia. Lili procura Germano e tenta convenc\u00ea-lo do que viu. Lili lembra que n\u00e3o teve coragem de ver o suposto corpo da filha, e que Sofia s\u00f3 foi reconhecida por causa do anel de noivado que estava no dedo de uma pessoa deformada. Germano convence Lili de que foi s\u00f3 uma coincid\u00eancia, e ela volta para o apartamento de Rafael. No entanto, a garota aparece em frente ao pr\u00e9dio, observando o local.<\/p>\n<p>No capitulo 126 (*), novela \u201cTotalmente Demais\u201d, s\u00e1bado, 02 de abril \u2013 Lili pede a Rafael que veja a foto que tirou no momento em que ela viu Sofia, para verificar se a filha aparece na imagem. <\/p>\n<p>Lili tenta convencer Germano de que Sofia pode estar viva. Hugo decide comprar o apartamento de Carolina. <\/p>\n<p>Hugo aluga o Flor do L\u00e1cio e o seu apartamento para Eliza e Gilda. Rafael e Lili se beijam, observados por uma mulher jovem com uma tatuagem de estrela, igual \u00e0 de Sofia.  <\/p>\n<p>(*) edi\u00e7\u00e3o da Rede Globo, Novela \u201cTotalmente Demais\u201d, sujeito a altera\u00e7\u00e3o de data e conte\u00fado.<\/p>\n","protected":false},"excerpt":{"rendered":"<p>Novela \u201cTotalmente Demais\u201d resumo 02\/04: Andando pelo bairro de F\u00e1tima, Lili v\u00ea um vulto na rua e tem certeza de que \u00e9 sua filha. Atordoada, ela pede para que Rafael veja a foto que tirou no momento em que ela viu a filha. Rafael imprime uma imagem mais n\u00edtida, mas ainda fica a d\u00favida se [&hellip;]<\/p>\n","protected":false},"author":2,"featured_media":76581,"comment_status":"open","ping_status":"closed","sticky":false,"template":"","format":"standard","meta":{"tdm_status":"","tdm_grid_status":"","footnotes":""},"categories":[379,375,343],"tags":[441],"class_list":{"0":"post-83492","1":"post","2":"type-post","3":"status-publish","4":"format-standard","5":"has-post-thumbnail","7":"category-novelas","8":"category-rede-globo","9":"category-televisao","10":"tag-resumo-do-dia"},"_links":{"self":[{"href":"https:\/\/migracao.redenoticia.com.br\/noticia\/wp-json\/wp\/v2\/posts\/83492","targetHints":{"allow":["GET"]}}],"collection":[{"href":"https:\/\/migracao.redenoticia.com.br\/noticia\/wp-json\/wp\/v2\/posts"}],"about":[{"href":"https:\/\/migracao.redenoticia.com.br\/noticia\/wp-json\/wp\/v2\/types\/post"}],"author":[{"embeddable":true,"href":"https:\/\/migracao.redenoticia.com.br\/noticia\/wp-json\/wp\/v2\/users\/2"}],"replies":[{"embeddable":true,"href":"https:\/\/migracao.redenoticia.com.br\/noticia\/wp-json\/wp\/v2\/comments?post=83492"}],"version-history":[{"count":0,"href":"https:\/\/migracao.redenoticia.com.br\/noticia\/wp-json\/wp\/v2\/posts\/83492\/revisions"}],"wp:featuredmedia":[{"embeddable":true,"href":"https:\/\/migracao.redenoticia.com.br\/noticia\/wp-json\/wp\/v2\/media\/76581"}],"wp:attachment":[{"href":"https:\/\/migracao.redenoticia.com.br\/noticia\/wp-json\/wp\/v2\/media?parent=83492"}],"wp:term":[{"taxonomy":"category","embeddable":true,"href":"https:\/\/migracao.redenoticia.com.br\/noticia\/wp-json\/wp\/v2\/categories?post=83492"},{"taxonomy":"post_tag","embeddable":true,"href":"https:\/\/migracao.redenoticia.com.br\/noticia\/wp-json\/wp\/v2\/tags?post=83492"}],"curies":[{"name":"wp","href":"https:\/\/api.w.org\/{rel}","templated":true}]}}