{"id":83494,"date":"2016-04-01T18:06:33","date_gmt":"2016-04-01T21:06:33","guid":{"rendered":"http:\/\/www.redenoticia.com.br\/noticia\/?p=83494"},"modified":"2016-04-05T19:43:12","modified_gmt":"2016-04-05T22:43:12","slug":"novela-eta-mundo-bom-resumo-0204-pancracio-e-anastacia-se-abracam","status":"publish","type":"post","link":"https:\/\/migracao.redenoticia.com.br\/noticia\/2016\/novela-eta-mundo-bom-resumo-0204-pancracio-e-anastacia-se-abracam\/83494","title":{"rendered":"Novela \u201cEta Mundo Bom\u201d resumo 02\/04: Pancr\u00e1cio e Anast\u00e1cia se abra\u00e7am"},"content":{"rendered":"<p> <img loading=\"lazy\" decoding=\"async\" class=\"alignleft size-thumbnail wp-image-82131\" src=\"https:\/\/migracao.redenoticia.com.br\/noticia\/imagens\/eta_mundo_bom_globo_novela_resumo-150x112.jpg\" alt=\"eta_mundo_bom_globo_novela_resumo\" width=\"150\" height=\"112\" srcset=\"https:\/\/migracao.redenoticia.com.br\/noticia\/imagens\/eta_mundo_bom_globo_novela_resumo-150x112.jpg 150w, https:\/\/migracao.redenoticia.com.br\/noticia\/imagens\/eta_mundo_bom_globo_novela_resumo-265x198.jpg 265w\" sizes=\"auto, (max-width: 150px) 100vw, 150px\" \/><strong><em>Novela \u201cEta Mundo Bom\u201d resumo 02\/04<\/em><\/strong>: Maria continua desconfiada do filho da patroa e Celso pede que ela n\u00e3o acuse Sandra de enganar Anast\u00e1cia. Os dois s\u00e3o flagrados juntos por Ernesto e este conta para Sandra. Mais tarde, Sandra amea\u00e7a Maria para Celso. Enquanto isso, Pancr\u00e1cio e Anast\u00e1cia conversam e os dois se abra\u00e7am. A amizade entre os dois cresce cada vez mais.<\/p>\n<p>No capitulo 066(*), novela \u201cEta Mundo Bom\u201d,  s\u00e1bado, 02 de abril \u2013 Celso pede que Maria n\u00e3o acuse Sandra de enganar Anast\u00e1cia. Ernesto flagra Celso e Maria juntos, e conta para Sandra. Filomena n\u00e3o aceita as joias de Fragoso. Pancr\u00e1cio comenta sobre Ernesto com Candinho. <\/p>\n<p>Cunegundes promete a Romeu que far\u00e1 Mafalda mudar de ideia em rela\u00e7\u00e3o ao seu noivado. Braz incentiva Severo a usar suas economias para se casar com Diana. Clarice desconfia de que Diana tenha armado contra Filomena. <\/p>\n<p>Lauro confidencia a Emma que Gerusa pode sofrer de uma grave doen\u00e7a. Sandra amea\u00e7a Maria para Celso. Pancr\u00e1cio aconselha Anast\u00e1cia e os dois se abra\u00e7am. <\/p>\n<p>(*) edi\u00e7\u00e3o da Rede Globo, Novela \u201cEta Mundo Bom\u201d, sujeito a altera\u00e7\u00e3o de data e conte\u00fado.<\/p>\n","protected":false},"excerpt":{"rendered":"<p>Novela \u201cEta Mundo Bom\u201d resumo 02\/04: Maria continua desconfiada do filho da patroa e Celso pede que ela n\u00e3o acuse Sandra de enganar Anast\u00e1cia. Os dois s\u00e3o flagrados juntos por Ernesto e este conta para Sandra. Mais tarde, Sandra amea\u00e7a Maria para Celso. Enquanto isso, Pancr\u00e1cio e Anast\u00e1cia conversam e os dois se abra\u00e7am. A [&hellip;]<\/p>\n","protected":false},"author":2,"featured_media":82131,"comment_status":"open","ping_status":"closed","sticky":false,"template":"","format":"standard","meta":{"tdm_status":"","tdm_grid_status":"","footnotes":""},"categories":[379,375,343],"tags":[441],"class_list":{"0":"post-83494","1":"post","2":"type-post","3":"status-publish","4":"format-standard","5":"has-post-thumbnail","7":"category-novelas","8":"category-rede-globo","9":"category-televisao","10":"tag-resumo-do-dia"},"_links":{"self":[{"href":"https:\/\/migracao.redenoticia.com.br\/noticia\/wp-json\/wp\/v2\/posts\/83494","targetHints":{"allow":["GET"]}}],"collection":[{"href":"https:\/\/migracao.redenoticia.com.br\/noticia\/wp-json\/wp\/v2\/posts"}],"about":[{"href":"https:\/\/migracao.redenoticia.com.br\/noticia\/wp-json\/wp\/v2\/types\/post"}],"author":[{"embeddable":true,"href":"https:\/\/migracao.redenoticia.com.br\/noticia\/wp-json\/wp\/v2\/users\/2"}],"replies":[{"embeddable":true,"href":"https:\/\/migracao.redenoticia.com.br\/noticia\/wp-json\/wp\/v2\/comments?post=83494"}],"version-history":[{"count":0,"href":"https:\/\/migracao.redenoticia.com.br\/noticia\/wp-json\/wp\/v2\/posts\/83494\/revisions"}],"wp:featuredmedia":[{"embeddable":true,"href":"https:\/\/migracao.redenoticia.com.br\/noticia\/wp-json\/wp\/v2\/media\/82131"}],"wp:attachment":[{"href":"https:\/\/migracao.redenoticia.com.br\/noticia\/wp-json\/wp\/v2\/media?parent=83494"}],"wp:term":[{"taxonomy":"category","embeddable":true,"href":"https:\/\/migracao.redenoticia.com.br\/noticia\/wp-json\/wp\/v2\/categories?post=83494"},{"taxonomy":"post_tag","embeddable":true,"href":"https:\/\/migracao.redenoticia.com.br\/noticia\/wp-json\/wp\/v2\/tags?post=83494"}],"curies":[{"name":"wp","href":"https:\/\/api.w.org\/{rel}","templated":true}]}}