{"id":83496,"date":"2016-04-01T19:57:54","date_gmt":"2016-04-01T22:57:54","guid":{"rendered":"http:\/\/www.redenoticia.com.br\/noticia\/?p=83496"},"modified":"2016-04-05T19:43:12","modified_gmt":"2016-04-05T22:43:12","slug":"novela-sila-resumo-0204-sila-discute-com-a-sogra-e-tenta-fugir","status":"publish","type":"post","link":"https:\/\/migracao.redenoticia.com.br\/noticia\/2016\/novela-sila-resumo-0204-sila-discute-com-a-sogra-e-tenta-fugir\/83496","title":{"rendered":"Novela \u201cSila\u201d resumo 02\/04: Sila discute com a sogra e tenta fugir"},"content":{"rendered":"<p> <img loading=\"lazy\" decoding=\"async\" src=\"https:\/\/migracao.redenoticia.com.br\/noticia\/imagens\/sila_band_novela_resumo_capitulo-150x112.jpg\" alt=\"sila_band_novela_resumo_capitulo\" width=\"150\" height=\"112\" class=\"alignleft size-thumbnail wp-image-83098\" srcset=\"https:\/\/migracao.redenoticia.com.br\/noticia\/imagens\/sila_band_novela_resumo_capitulo-150x112.jpg 150w, https:\/\/migracao.redenoticia.com.br\/noticia\/imagens\/sila_band_novela_resumo_capitulo-265x198.jpg 265w\" sizes=\"auto, (max-width: 150px) 100vw, 150px\" \/><strong><em> Novela \u201cSila\u201d resumo 02\/04<\/em><\/strong>: Sila assina os pap\u00e9is e se torna oficialmente sra. Genko, esposa do l\u00edder da tribo, Boran. Ao conhecer a verdade, Sila cria certo desprezo por tudo ao seu redor, sobretudo de seu marido. Sila discute com a sogra e tenta fugir. Sila trata o marido com indiferen\u00e7a, ainda que ele se mostre bastante afetuoso. Com o tempo ela passa a compreender melhor os motivos que levaram seus pais a faz\u00ea-la se casar, se envolve com as pessoas da tribo, ao mesmo tempo que passa a ver Boran como um homem de muitas responsabilidades.<\/p>\n<p>No capitulo 005 (*), novela \u201cSila\u201d, s\u00e1bado, 02 de abril &#8211; Sila fica em estado de choque quando descobre que caiu em uma armadilha. Depois de assinar os pap\u00e9is do casamento, Sila discute com sua m\u00e3e por t\u00ea-la obrigado a se casar. Boran e a fam\u00edlia descobrem que Sila se casou sem saber. Os pais adotivos tentam falar com Sila, mas a fam\u00edlia esconde a real situa\u00e7\u00e3o. Desesperada, Sila tenta agredir Boran. <\/p>\n<p>Sila est\u00e1 desesperada, por isso quebra um quadro do quarto e pega um peda\u00e7o de vidro para se proteger. Quando Boran entra, ela tenta atac\u00e1-lo, por\u00e9m ele n\u00e3o lhe machuca, pelo contr\u00e1rio, age como um verdadeiro cavalheiro. Boran pega o vidro em suas m\u00e3os e corta a pele em cima dos len\u00e7\u00f3is, para t\u00ea-la como prova de que cumpriu a tradi\u00e7\u00e3o. Passam as horas e Sila n\u00e3o se acostuma com sua nova vida, inclusive \u00e9 muito arrogante e agressiva. Para acalm\u00e1-la, seu irm\u00e3o lhe d\u00e1 uma bofetada.<\/p>\n<p> Sila discute com a sogra e tenta fugir da casa de Boran, onde \u00e9 mantida presa. Boran v\u00ea que Sila foi machucada pelo irm\u00e3o e revida a agress\u00e3o para defender a esposa. Boran conversa com seu melhor amigo sobre a falecida esposa.<\/p>\n<p>(*) edi\u00e7\u00e3o da Band, Novela \u201cSila\u201d, sujeito a altera\u00e7\u00e3o de data e conte\u00fado.<\/p>\n","protected":false},"excerpt":{"rendered":"<p>Novela \u201cSila\u201d resumo 02\/04: Sila assina os pap\u00e9is e se torna oficialmente sra. Genko, esposa do l\u00edder da tribo, Boran. Ao conhecer a verdade, Sila cria certo desprezo por tudo ao seu redor, sobretudo de seu marido. Sila discute com a sogra e tenta fugir. Sila trata o marido com indiferen\u00e7a, ainda que ele se [&hellip;]<\/p>\n","protected":false},"author":2,"featured_media":83098,"comment_status":"open","ping_status":"closed","sticky":false,"template":"","format":"standard","meta":{"tdm_status":"","tdm_grid_status":"","footnotes":""},"categories":[390,379,343],"tags":[441],"class_list":{"0":"post-83496","1":"post","2":"type-post","3":"status-publish","4":"format-standard","5":"has-post-thumbnail","7":"category-band","8":"category-novelas","9":"category-televisao","10":"tag-resumo-do-dia"},"_links":{"self":[{"href":"https:\/\/migracao.redenoticia.com.br\/noticia\/wp-json\/wp\/v2\/posts\/83496","targetHints":{"allow":["GET"]}}],"collection":[{"href":"https:\/\/migracao.redenoticia.com.br\/noticia\/wp-json\/wp\/v2\/posts"}],"about":[{"href":"https:\/\/migracao.redenoticia.com.br\/noticia\/wp-json\/wp\/v2\/types\/post"}],"author":[{"embeddable":true,"href":"https:\/\/migracao.redenoticia.com.br\/noticia\/wp-json\/wp\/v2\/users\/2"}],"replies":[{"embeddable":true,"href":"https:\/\/migracao.redenoticia.com.br\/noticia\/wp-json\/wp\/v2\/comments?post=83496"}],"version-history":[{"count":0,"href":"https:\/\/migracao.redenoticia.com.br\/noticia\/wp-json\/wp\/v2\/posts\/83496\/revisions"}],"wp:featuredmedia":[{"embeddable":true,"href":"https:\/\/migracao.redenoticia.com.br\/noticia\/wp-json\/wp\/v2\/media\/83098"}],"wp:attachment":[{"href":"https:\/\/migracao.redenoticia.com.br\/noticia\/wp-json\/wp\/v2\/media?parent=83496"}],"wp:term":[{"taxonomy":"category","embeddable":true,"href":"https:\/\/migracao.redenoticia.com.br\/noticia\/wp-json\/wp\/v2\/categories?post=83496"},{"taxonomy":"post_tag","embeddable":true,"href":"https:\/\/migracao.redenoticia.com.br\/noticia\/wp-json\/wp\/v2\/tags?post=83496"}],"curies":[{"name":"wp","href":"https:\/\/api.w.org\/{rel}","templated":true}]}}