{"id":83529,"date":"2016-04-02T22:18:34","date_gmt":"2016-04-03T01:18:34","guid":{"rendered":"http:\/\/www.redenoticia.com.br\/noticia\/?p=83529"},"modified":"2016-04-05T19:42:05","modified_gmt":"2016-04-05T22:42:05","slug":"novela-velho-chico-resumo-0404-bento-acerta-tiro-em-afranio","status":"publish","type":"post","link":"https:\/\/migracao.redenoticia.com.br\/noticia\/2016\/novela-velho-chico-resumo-0404-bento-acerta-tiro-em-afranio\/83529","title":{"rendered":"Novela \u201cVelho Chico\u201d resumo 04\/04: Bento acerta tiro em Afr\u00e2nio"},"content":{"rendered":"<p> <img loading=\"lazy\" decoding=\"async\" class=\"alignleft size-thumbnail wp-image-82169\" src=\"https:\/\/migracao.redenoticia.com.br\/noticia\/imagens\/velho_chico_novela_resumo_globo-150x112.jpg\" alt=\"velho_chico_novela_resumo_globo\" width=\"150\" height=\"112\" srcset=\"https:\/\/migracao.redenoticia.com.br\/noticia\/imagens\/velho_chico_novela_resumo_globo-150x112.jpg 150w, https:\/\/migracao.redenoticia.com.br\/noticia\/imagens\/velho_chico_novela_resumo_globo-265x198.jpg 265w\" sizes=\"auto, (max-width: 150px) 100vw, 150px\" \/><strong><em>Novela \u201cVelho Chico\u201d resumo 04\/04<\/em><\/strong>: Afr\u00e2nio fica entre a vida e a morte. Ap\u00f3s saber que Tereza est\u00e1 gr\u00e1vida de Santo, o coronel vai atr\u00e1s do rapaz, mas acaba levando um tiro de Bento. O filho de Belmiro acerta o coronel por causa da morte de seu pai, mas logo se arrepende de sua atitude. Afr\u00e2nio fica em coma e deixa Maria Tereza desesperada.<\/p>\n<p>No capitulo 019 (*), novela \u201cVelho Chico\u201d, segunda-feira, 04 de abril \u2013 Afr\u00e2nio jura vingan\u00e7a a Santo. Afr\u00e2nio cai em uma emboscada e Bento atira contra o coronel. Clemente se desespera \u00e0 procura de Afr\u00e2nio. <\/p>\n<p>C\u00edcero resgata o coronel e Doninha manda o filho buscar ajuda m\u00e9dica na cidade. Clemente conversa com Encarna\u00e7\u00e3o sobre o estado de sa\u00fade de Afr\u00e2nio. Encarna\u00e7\u00e3o afirma a Tereza que Santo atirou em seu pai. <\/p>\n<p>Piedade pede que seus filhos n\u00e3o deixem a fazenda. Em\u00edlio joga no rio a bala que tirou do peito de Afr\u00e2nio. Santo desconfia de que foi Bento quem atirou no coronel.\u00a0 Celestino \u00e9 seguido no meio da noite. <\/p>\n<p>(*) edi\u00e7\u00e3o da Rede Globo, Novela \u201cVelho Chico\u201d, sujeito a altera\u00e7\u00e3o de data e conte\u00fado. <\/p>\n","protected":false},"excerpt":{"rendered":"<p>Novela \u201cVelho Chico\u201d resumo 04\/04: Afr\u00e2nio fica entre a vida e a morte. Ap\u00f3s saber que Tereza est\u00e1 gr\u00e1vida de Santo, o coronel vai atr\u00e1s do rapaz, mas acaba levando um tiro de Bento. O filho de Belmiro acerta o coronel por causa da morte de seu pai, mas logo se arrepende de sua atitude. [&hellip;]<\/p>\n","protected":false},"author":2,"featured_media":82169,"comment_status":"open","ping_status":"closed","sticky":false,"template":"","format":"standard","meta":{"tdm_status":"","tdm_grid_status":"","footnotes":""},"categories":[379,375,343],"tags":[441],"class_list":{"0":"post-83529","1":"post","2":"type-post","3":"status-publish","4":"format-standard","5":"has-post-thumbnail","7":"category-novelas","8":"category-rede-globo","9":"category-televisao","10":"tag-resumo-do-dia"},"_links":{"self":[{"href":"https:\/\/migracao.redenoticia.com.br\/noticia\/wp-json\/wp\/v2\/posts\/83529","targetHints":{"allow":["GET"]}}],"collection":[{"href":"https:\/\/migracao.redenoticia.com.br\/noticia\/wp-json\/wp\/v2\/posts"}],"about":[{"href":"https:\/\/migracao.redenoticia.com.br\/noticia\/wp-json\/wp\/v2\/types\/post"}],"author":[{"embeddable":true,"href":"https:\/\/migracao.redenoticia.com.br\/noticia\/wp-json\/wp\/v2\/users\/2"}],"replies":[{"embeddable":true,"href":"https:\/\/migracao.redenoticia.com.br\/noticia\/wp-json\/wp\/v2\/comments?post=83529"}],"version-history":[{"count":0,"href":"https:\/\/migracao.redenoticia.com.br\/noticia\/wp-json\/wp\/v2\/posts\/83529\/revisions"}],"wp:featuredmedia":[{"embeddable":true,"href":"https:\/\/migracao.redenoticia.com.br\/noticia\/wp-json\/wp\/v2\/media\/82169"}],"wp:attachment":[{"href":"https:\/\/migracao.redenoticia.com.br\/noticia\/wp-json\/wp\/v2\/media?parent=83529"}],"wp:term":[{"taxonomy":"category","embeddable":true,"href":"https:\/\/migracao.redenoticia.com.br\/noticia\/wp-json\/wp\/v2\/categories?post=83529"},{"taxonomy":"post_tag","embeddable":true,"href":"https:\/\/migracao.redenoticia.com.br\/noticia\/wp-json\/wp\/v2\/tags?post=83529"}],"curies":[{"name":"wp","href":"https:\/\/api.w.org\/{rel}","templated":true}]}}