{"id":83551,"date":"2016-04-04T00:03:11","date_gmt":"2016-04-04T03:03:11","guid":{"rendered":"http:\/\/www.redenoticia.com.br\/noticia\/?p=83551"},"modified":"2018-08-13T10:40:30","modified_gmt":"2018-08-13T13:40:30","slug":"bbb-16-votacao-em-munik-e-ronan-movimenta-as-enquetes","status":"publish","type":"post","link":"https:\/\/migracao.redenoticia.com.br\/noticia\/2016\/bbb-16-votacao-em-munik-e-ronan-movimenta-as-enquetes\/83551","title":{"rendered":"\u201cBBB\u201d 16: vota\u00e7\u00e3o em Munik e Ronan movimentou as enquetes"},"content":{"rendered":"<p><img loading=\"lazy\" decoding=\"async\" class=\"alignleft size-thumbnail wp-image-64479\" src=\"https:\/\/migracao.redenoticia.com.br\/noticia\/imagens\/bbb_enquete_votacao-150x112.jpg\" alt=\"bbb_enquete_votacao\" width=\"150\" height=\"112\" srcset=\"https:\/\/migracao.redenoticia.com.br\/noticia\/imagens\/bbb_enquete_votacao-150x112.jpg 150w, https:\/\/migracao.redenoticia.com.br\/noticia\/imagens\/bbb_enquete_votacao-265x198.jpg 265w\" sizes=\"auto, (max-width: 150px) 100vw, 150px\" \/><em><strong>\u201cBBB&#8221; 16 vota\u00e7\u00e3o enquete:<\/strong><\/em> em 03\/04, Ronan somou 6 pontos (Norte 77,35%; Nordeste 79,28%; Centro-Oeste 82,69%; Sudeste 75,11%; Sul 70,06%; Telefone e SMS 59,47% dos votos) e foi eliminado do programa. Tudo come\u00e7ou em 01\/04, quando Munik, Cacau e Ronan iniciaram a \u00faltima prova com orienta\u00e7\u00e3o de Pedro Bial: na Prova de hoje voc\u00ea s\u00f3 tem que esperar, cada um no seu carro, a hora de pegar o conte\u00fado Fiat indicado no painel. Assim que o cron\u00f4metro disparar, saiam e sigam pela estrada at\u00e9 a central de conte\u00fados. Chegando l\u00e1, peguem o cubo indicado e voltem para o showroom. Ponham o cubo na esteira antes de entrar no carro, a tempo de parar o cron\u00f4metro. Quem vencer essa prova est\u00e1 na final e ainda ganha um carro\u2026. com quase 8 horas de dura\u00e7\u00e3o, Ronan foi o primeiro a deixar prova de resist\u00eancia e volta para dentro da casa.<\/p>\n<p>Not\u00edcias relacionadas:<br \/>\n\u201cBBB\u201d 16:<br \/>\n\u201cBBB\u201d 16: <\/p>\n<p>Munik entrou no carro e Maria Claudia perguntou se o brother desistiu. A goiana diz que sim. No entanto, elas duas n\u00e3o se falaram mais desde que, ao cumprirem uma tarefa da prova de resist\u00eancia, Munik, Ronan e Maria Claudia voltaram para seus respectivos carros. Antes de entrar no autom\u00f3vel, o brother confessou que estava estranhando o comportamento da youtuber: &#8211; Est\u00e1 muito calada. N\u00e3o est\u00e1 cantando, n\u00e3o est\u00e1 dan\u00e7ando&#8230; &#8211; Eu? questionou Maria Claudia.<\/p>\n<p>Munik n\u00e3o se acanhou e faz uma comemora\u00e7\u00e3o. &#8211; Gra\u00e7as a Deus. &#8211; Por que n\u00e3o est\u00e1 dan\u00e7ando?, indaga Ronan para Maria Claudia. A youtuber, ent\u00e3o, n\u00e3o respondeu.<\/p>\n<p>Pr\u00f3ximo das 11h10, Munik n\u00e3o aguentou a sede, desistiu da prova e chorou muito. O terceiro colocado do &#8220;BBB&#8221; 16 deixa a casa neste domingo, dia 03 de abril.<\/p>\n<p><script src=\"http:\/\/static.polldaddy.com\/p\/9371780.js\" type=\"text\/javascript\" charset=\"utf-8\"><\/script><br \/>\n<noscript><\/noscript><\/p>\n<p>Evolu\u00e7\u00e3o da vota\u00e7\u00e3o na enquete Rede Not\u00edcia: Quem deve sair do \u201cBBB\u201d 16?<br \/>\n(02\/04 11h36) &#8211; Munik 42,64%; Ronan 57,36%.<br \/>\n(03\/04 02h03) &#8211; Munik 38,72%; Ronan 61,28%; 74.796 votos.<br \/>\n(03\/04 16h54) &#8211; Munik 38,65%; Ronan 61,35%; 141.068 votos.<\/p>\n<p>Na Enquete Uol \u2013 Quem deve sair no \u00faltimo pared\u00e3o?<br \/>\n(02\/04 11h36) &#8211; Munik 33,95%; Ronan 66,05%.<br \/>\n(03\/04 02h03) &#8211; Munik 35,99%; Ronan 64,01%; 194.687 votos.<br \/>\n(03\/04 16h54) &#8211; Munik 35,34%; Ronan 64,66%; 295.708 votos.<\/p>\n<p>A vota\u00e7\u00e3o oficial ser\u00e1 aberta no endere\u00e7o da\u00a0.<\/p>\n<p>Fonte \u201cBBB&#8221; 16 \u2013 Vota\u00e7\u00e3o Enquete<\/p>\n<p>&#8212;<br \/>\nConcorrentes que entraram na casa em 19\/01: Ad\u00e9lia (Advogada, mora em S\u00e3o Paulo); Alan (Doutor em Filosofia em Natal, Rio Grande do Norte); Ana Paula (mineira de 34 anos, formada em Comunica\u00e7\u00e3o); Daniel (empres\u00e1rio, 38 anos,carioca); Harumi (64 anos, Jornalista em S\u00e3o Paulo); Juliana (paulista, bailarina, 31 anos); La\u00e9rcio (53 anos, curitibano, designer de tatuagem); Maria Claudia (youtuber de Santa Cruz, Rio Grande do Norte, 19 anos); Munik (estudante, goiana de 19 anos); Renan (modelo, nascido em Amparo, interior de S\u00e3o Paulo, tem 29 anos); Ronan (estudante de filosofia em Curitiba, 27 anos); Tamiel (41 anos, professor de Ecologia em Goi\u00e2nia).<\/p>\n<p>Concorrentes que entraram na casa em 23\/01: Geralda (63 anos, professora aposentada de Minas Gerais); William ou Blackout (35 anos, seguran\u00e7a); Fernanda (28 anos, escritora e artista mineira); Matheus (25 anos, Engenheiro de Minas).<\/p>\n","protected":false},"excerpt":{"rendered":"<p>\u201cBBB&#8221; 16 vota\u00e7\u00e3o enquete: em 03\/04, Ronan somou 6 pontos (Norte 77,35%; Nordeste 79,28%; Centro-Oeste 82,69%; Sudeste 75,11%; Sul 70,06%; Telefone e SMS 59,47% dos votos) e foi eliminado do programa. Tudo come\u00e7ou em 01\/04, quando Munik, Cacau e Ronan iniciaram a \u00faltima prova com orienta\u00e7\u00e3o de Pedro Bial: na Prova de hoje voc\u00ea s\u00f3 [&hellip;]<\/p>\n","protected":false},"author":2,"featured_media":64479,"comment_status":"open","ping_status":"closed","sticky":false,"template":"","format":"standard","meta":{"tdm_status":"","tdm_grid_status":"","footnotes":""},"categories":[520,375,343],"tags":[],"class_list":{"0":"post-83551","1":"post","2":"type-post","3":"status-publish","4":"format-standard","5":"has-post-thumbnail","7":"category-big-brother-brasil","8":"category-rede-globo","9":"category-televisao"},"_links":{"self":[{"href":"https:\/\/migracao.redenoticia.com.br\/noticia\/wp-json\/wp\/v2\/posts\/83551","targetHints":{"allow":["GET"]}}],"collection":[{"href":"https:\/\/migracao.redenoticia.com.br\/noticia\/wp-json\/wp\/v2\/posts"}],"about":[{"href":"https:\/\/migracao.redenoticia.com.br\/noticia\/wp-json\/wp\/v2\/types\/post"}],"author":[{"embeddable":true,"href":"https:\/\/migracao.redenoticia.com.br\/noticia\/wp-json\/wp\/v2\/users\/2"}],"replies":[{"embeddable":true,"href":"https:\/\/migracao.redenoticia.com.br\/noticia\/wp-json\/wp\/v2\/comments?post=83551"}],"version-history":[{"count":0,"href":"https:\/\/migracao.redenoticia.com.br\/noticia\/wp-json\/wp\/v2\/posts\/83551\/revisions"}],"wp:featuredmedia":[{"embeddable":true,"href":"https:\/\/migracao.redenoticia.com.br\/noticia\/wp-json\/wp\/v2\/media\/64479"}],"wp:attachment":[{"href":"https:\/\/migracao.redenoticia.com.br\/noticia\/wp-json\/wp\/v2\/media?parent=83551"}],"wp:term":[{"taxonomy":"category","embeddable":true,"href":"https:\/\/migracao.redenoticia.com.br\/noticia\/wp-json\/wp\/v2\/categories?post=83551"},{"taxonomy":"post_tag","embeddable":true,"href":"https:\/\/migracao.redenoticia.com.br\/noticia\/wp-json\/wp\/v2\/tags?post=83551"}],"curies":[{"name":"wp","href":"https:\/\/api.w.org\/{rel}","templated":true}]}}