{"id":83636,"date":"2016-04-04T10:42:17","date_gmt":"2016-04-04T13:42:17","guid":{"rendered":"http:\/\/www.redenoticia.com.br\/noticia\/?p=83636"},"modified":"2016-04-03T16:43:17","modified_gmt":"2016-04-03T19:43:17","slug":"diagnostico-precoce-aumenta-chances-de-desenvolvimento-de-pessoas-com-autismo","status":"publish","type":"post","link":"https:\/\/migracao.redenoticia.com.br\/noticia\/2016\/diagnostico-precoce-aumenta-chances-de-desenvolvimento-de-pessoas-com-autismo\/83636","title":{"rendered":"Diagn\u00f3stico precoce aumenta chances de desenvolvimento de pessoas com autismo"},"content":{"rendered":"<p> Elaborado pelas secretarias estaduais dos Direitos da Pessoa com Defici\u00eancia e da Sa\u00fade, o \u00a0aponta diretrizes para atendimento e inclus\u00e3o de pessoas com <strong><em>autismo<\/em><\/strong>. <\/p>\n<p>Entre os t\u00f3picos, o protocolo &#8211; elaborado em parceria com t\u00e9cnicos da \u00e1rea de sa\u00fade mental da Secretaria da Sa\u00fade &#8211; alerta para a import\u00e2ncia do diagn\u00f3stico precoce da doen\u00e7a, que \u00e9 poss\u00edvel antes dos tr\u00eas anos de idade.<\/p>\n<p>Recomenda-se aos pais cujos filhos despertem alguma suspeita do transtorno que levem a crian\u00e7a ao pediatra ou, se necess\u00e1rio, ao neuropediatra ou psiquiatra infantil. Quanto mais cedo o diagn\u00f3stico, maiores s\u00e3o as chances de favorecer o desenvolvimento j\u00e1 a partir da primeira inf\u00e2ncia, aponta o documento.<\/p>\n<p>Normalmente, as principais caracter\u00edsticas de uma crian\u00e7a com essa condi\u00e7\u00e3o s\u00e3o dificuldades na intera\u00e7\u00e3o social, comunica\u00e7\u00e3o tardia, palavras e movimentos repetitivos, que podem se manifestar em maior ou menor grau, dependendo do tipo de autismo.<\/p>\n<p>Diagn\u00f3stico<br \/>\nO diagn\u00f3stico dos Transtornos do Espectro Autista \u00e9 cl\u00ednico e deve ser feito de acordo com os crit\u00e9rios da Organiza\u00e7\u00e3o Mundial da Sa\u00fade, pela anamnese\u00a0(entrevista realizada pelo profissional de sa\u00fade) com pais e cuidadores e mediante observa\u00e7\u00e3o cl\u00ednica dos comportamentos.<\/p>\n<p>Entre os sinais est\u00e3o a falta de sorrisos e express\u00f5es alegres nas crian\u00e7as; falta de resposta \u00e0s tentativas de intera\u00e7\u00e3o e falta de resposta quando a crian\u00e7a \u00e9 chamada pelo nome, dentre outros.<\/p>\n<p>De acordo com o protocolo, outras caracter\u00edsticas que diagnosticam a pessoa com autismo s\u00e3o preju\u00edzo qualitativo na intera\u00e7\u00e3o social; preju\u00edzos qualitativos na comunica\u00e7\u00e3o e padr\u00f5es restritos e repetitivos de comportamento, al\u00e9m da dificuldade em sentir empatia em rela\u00e7\u00e3o aos demais e crises de agita\u00e7\u00e3o.<\/p>\n<p>Ainda segundo o documento, os portadores de TEA podem apresentar baixa acuidade e defici\u00eancia auditiva; priva\u00e7\u00e3o psicossocial severa; defici\u00eancia intelectual; transtorno de linguagem e mutismo seletivo, dentre outros.<\/p>\n<p>Do Portal do Governo do Estado SP<\/p>\n","protected":false},"excerpt":{"rendered":"<p>Elaborado pelas secretarias estaduais dos Direitos da Pessoa com Defici\u00eancia e da Sa\u00fade, o \u00a0aponta diretrizes para atendimento e inclus\u00e3o de pessoas com autismo. Entre os t\u00f3picos, o protocolo &#8211; elaborado em parceria com t\u00e9cnicos da \u00e1rea de sa\u00fade mental da Secretaria da Sa\u00fade &#8211; alerta para a import\u00e2ncia do diagn\u00f3stico precoce da doen\u00e7a, que [&hellip;]<\/p>\n","protected":false},"author":2,"featured_media":37376,"comment_status":"open","ping_status":"closed","sticky":false,"template":"","format":"standard","meta":{"tdm_status":"","tdm_grid_status":"","footnotes":""},"categories":[22,5],"tags":[],"class_list":{"0":"post-83636","1":"post","2":"type-post","3":"status-publish","4":"format-standard","5":"has-post-thumbnail","7":"category-brasil","8":"category-saude-e-vida"},"_links":{"self":[{"href":"https:\/\/migracao.redenoticia.com.br\/noticia\/wp-json\/wp\/v2\/posts\/83636","targetHints":{"allow":["GET"]}}],"collection":[{"href":"https:\/\/migracao.redenoticia.com.br\/noticia\/wp-json\/wp\/v2\/posts"}],"about":[{"href":"https:\/\/migracao.redenoticia.com.br\/noticia\/wp-json\/wp\/v2\/types\/post"}],"author":[{"embeddable":true,"href":"https:\/\/migracao.redenoticia.com.br\/noticia\/wp-json\/wp\/v2\/users\/2"}],"replies":[{"embeddable":true,"href":"https:\/\/migracao.redenoticia.com.br\/noticia\/wp-json\/wp\/v2\/comments?post=83636"}],"version-history":[{"count":0,"href":"https:\/\/migracao.redenoticia.com.br\/noticia\/wp-json\/wp\/v2\/posts\/83636\/revisions"}],"wp:featuredmedia":[{"embeddable":true,"href":"https:\/\/migracao.redenoticia.com.br\/noticia\/wp-json\/wp\/v2\/media\/37376"}],"wp:attachment":[{"href":"https:\/\/migracao.redenoticia.com.br\/noticia\/wp-json\/wp\/v2\/media?parent=83636"}],"wp:term":[{"taxonomy":"category","embeddable":true,"href":"https:\/\/migracao.redenoticia.com.br\/noticia\/wp-json\/wp\/v2\/categories?post=83636"},{"taxonomy":"post_tag","embeddable":true,"href":"https:\/\/migracao.redenoticia.com.br\/noticia\/wp-json\/wp\/v2\/tags?post=83636"}],"curies":[{"name":"wp","href":"https:\/\/api.w.org\/{rel}","templated":true}]}}