{"id":83648,"date":"2016-04-05T23:32:25","date_gmt":"2016-04-06T02:32:25","guid":{"rendered":"http:\/\/www.redenoticia.com.br\/noticia\/?p=83648"},"modified":"2018-08-13T10:40:30","modified_gmt":"2018-08-13T13:40:30","slug":"bbb-16-votacao-em-maria-claudia-e-munik-movimenta-as-enquetes","status":"publish","type":"post","link":"https:\/\/migracao.redenoticia.com.br\/noticia\/2016\/bbb-16-votacao-em-maria-claudia-e-munik-movimenta-as-enquetes\/83648","title":{"rendered":"\u201cBBB\u201d 16: vota\u00e7\u00e3o em Maria Claudia e Munik movimentou as enquetes"},"content":{"rendered":"<p><img loading=\"lazy\" decoding=\"async\" src=\"https:\/\/migracao.redenoticia.com.br\/noticia\/imagens\/bbb_enquete_votacao-150x112.jpg\" alt=\"bbb_enquete_votacao\" width=\"150\" height=\"112\" class=\"alignleft size-thumbnail wp-image-64479\" srcset=\"https:\/\/migracao.redenoticia.com.br\/noticia\/imagens\/bbb_enquete_votacao-150x112.jpg 150w, https:\/\/migracao.redenoticia.com.br\/noticia\/imagens\/bbb_enquete_votacao-265x198.jpg 265w\" sizes=\"auto, (max-width: 150px) 100vw, 150px\" \/><em><strong>\u201cBBB&#8221; 16 vota\u00e7\u00e3o enquete:<\/strong><\/em> em 05\/04, Munik somou 6 pontos (Norte 65,09%; Nordeste 51,58%; Centro-Oeste 74,03%; Sudeste 64,59%; Sul 60,41%; Telefone e SMS 53,83% dos votos) e ganhou o grande pr\u00eamio. A defini\u00e7\u00e3o come\u00e7ou em 03\/04, quando Ronan somou 6 pontos (Norte 77,35%; Nordeste 79,28%; Centro-Oeste 82,69%; Sudeste 75,11%; Sul 70,06%; Telefone e SMS 59,47% dos votos) e foi eliminado do programa. Logo depois da despedida do brother, que conquistou a terceira coloca\u00e7\u00e3o, Maria Claudia e Munik iniciaram a \u00faltima disputa do &#8220;BBB&#8221; 16 pelo grande pr\u00eamio. A vota\u00e7\u00e3o foi positiva, e o p\u00fablico decidiu a ganhadora do pr\u00eamio.<\/p>\n<p>Maria Claudia foi a primeira a fazer sua defesa no confession\u00e1rio: &#8220;Uau! Por acreditar num sonho e investir tanto nisso, eu mere\u00e7o ganhar esse pr\u00eamio. Pe\u00e7o ajuda de quem gostou de mim ou se sentiu representado. O meu povo nordestino e o povo brasileiro que tem um sonho, como eu. O pessoal da internet. Sempre acreditei no poder da internet. Me ajuda, gente!&#8221;.<\/p>\n<p>Munik argumentou: &#8220;\u00c9 uma momento importante. Mas, como sempre, eu falo nada com nada. S\u00f3 tenho a agradecer voc\u00eas por estar aqui at\u00e9 hoje. Agora somos uma dupla: Eu e voc\u00eas, voc\u00eas e eu. Me deixem ficar em primeiro lugar. Preciso muito desse dinheiro. Voc\u00eas conhecem a minha hist\u00f3ria. Confio muito na minha torcida. Estou com f\u00e9 que vou ganhar&#8221;. <\/p>\n<p>Evolu\u00e7\u00e3o da vota\u00e7\u00e3o na enquete Rede Not\u00edcia: quem deve vencer o &#8220;BBB&#8221; 16?<br \/>\n(04\/04 01h06) &#8211; Maria Claudia 37,01%; Munik 62,99%;  22.721 votos.<br \/>\n(04\/04 11h21) &#8211; Maria Claudia 39,00%; Munik 61,00%;  96.801 votos.<br \/>\n(04\/04 22h36) &#8211; Maria Claudia 42,83%; Munik 57,17%; 321.742 votos.<br \/>\n(05\/04 11h22) &#8211; Maria Claudia 42,75%; Munik 57,25%; 426.865 votos.<br \/>\n(05\/04 23h18) &#8211; Maria Claudia 39,49%; Munik 60,51%; 695.477 votos.<\/p>\n<p>Na Enquete Uol \u2013 Quem voc\u00ea prefere que ven\u00e7a o BBB16?<br \/>\n(04\/04 01h06) &#8211; Maria Claudia 45,07%; Munik 54,93%;  35.332 votos.<br \/>\n(04\/04 11h21) &#8211; Maria Claudia 45,88%; Munik 54,12%; 164.331 votos.<br \/>\n(04\/04 22h36) &#8211; Maria Claudia 46,38%; Munik 53,62%; 417.859 votos.<br \/>\n(05\/04 11h22) &#8211; Maria Claudia 46,29%; Munik 53,71%; 548.960 votos.<br \/>\n(05\/04 23h18) &#8211; Maria Claudia 45,00%; Munik 55,00%; 897.003 votos.<\/p>\n<p>A vota\u00e7\u00e3o oficial aconteceu no endere\u00e7o da\u00a0.<\/p>\n<p>Fonte \u201cBBB&#8221; 16 \u2013 Vota\u00e7\u00e3o Enquete<\/p>\n<p>Not\u00edcias relacionadas:<br \/>\n\u201cBBB\u201d 16:  <\/p>\n<p>&#8212;<br \/>\nConcorrentes que entraram na casa em 19\/01: Ad\u00e9lia (Advogada, mora em S\u00e3o Paulo); Alan (Doutor em Filosofia em Natal, Rio Grande do Norte); Ana Paula (mineira de 34 anos, formada em Comunica\u00e7\u00e3o); Daniel (empres\u00e1rio, 38 anos,carioca); Harumi (64 anos, Jornalista em S\u00e3o Paulo); Juliana (paulista, bailarina, 31 anos); La\u00e9rcio (53 anos, curitibano, designer de tatuagem); Maria Claudia (youtuber de Santa Cruz, Rio Grande do Norte, 19 anos); Munik (estudante, goiana de 19 anos); Renan (modelo, nascido em Amparo, interior de S\u00e3o Paulo, tem 29 anos); Ronan (estudante de filosofia em Curitiba, 27 anos); Tamiel (41 anos, professor de Ecologia em Goi\u00e2nia).<\/p>\n<p>Concorrentes que entraram na casa em 23\/01: Geralda (63 anos, professora aposentada de Minas Gerais); William ou Blackout (35 anos, seguran\u00e7a); Fernanda (28 anos, escritora e artista mineira); Matheus (25 anos, Engenheiro de Minas).<\/p>\n","protected":false},"excerpt":{"rendered":"<p>\u201cBBB&#8221; 16 vota\u00e7\u00e3o enquete: em 05\/04, Munik somou 6 pontos (Norte 65,09%; Nordeste 51,58%; Centro-Oeste 74,03%; Sudeste 64,59%; Sul 60,41%; Telefone e SMS 53,83% dos votos) e ganhou o grande pr\u00eamio. A defini\u00e7\u00e3o come\u00e7ou em 03\/04, quando Ronan somou 6 pontos (Norte 77,35%; Nordeste 79,28%; Centro-Oeste 82,69%; Sudeste 75,11%; Sul 70,06%; Telefone e SMS 59,47% [&hellip;]<\/p>\n","protected":false},"author":2,"featured_media":64479,"comment_status":"open","ping_status":"closed","sticky":false,"template":"","format":"standard","meta":{"tdm_status":"","tdm_grid_status":"","footnotes":""},"categories":[520,375,343],"tags":[],"class_list":{"0":"post-83648","1":"post","2":"type-post","3":"status-publish","4":"format-standard","5":"has-post-thumbnail","7":"category-big-brother-brasil","8":"category-rede-globo","9":"category-televisao"},"_links":{"self":[{"href":"https:\/\/migracao.redenoticia.com.br\/noticia\/wp-json\/wp\/v2\/posts\/83648","targetHints":{"allow":["GET"]}}],"collection":[{"href":"https:\/\/migracao.redenoticia.com.br\/noticia\/wp-json\/wp\/v2\/posts"}],"about":[{"href":"https:\/\/migracao.redenoticia.com.br\/noticia\/wp-json\/wp\/v2\/types\/post"}],"author":[{"embeddable":true,"href":"https:\/\/migracao.redenoticia.com.br\/noticia\/wp-json\/wp\/v2\/users\/2"}],"replies":[{"embeddable":true,"href":"https:\/\/migracao.redenoticia.com.br\/noticia\/wp-json\/wp\/v2\/comments?post=83648"}],"version-history":[{"count":0,"href":"https:\/\/migracao.redenoticia.com.br\/noticia\/wp-json\/wp\/v2\/posts\/83648\/revisions"}],"wp:featuredmedia":[{"embeddable":true,"href":"https:\/\/migracao.redenoticia.com.br\/noticia\/wp-json\/wp\/v2\/media\/64479"}],"wp:attachment":[{"href":"https:\/\/migracao.redenoticia.com.br\/noticia\/wp-json\/wp\/v2\/media?parent=83648"}],"wp:term":[{"taxonomy":"category","embeddable":true,"href":"https:\/\/migracao.redenoticia.com.br\/noticia\/wp-json\/wp\/v2\/categories?post=83648"},{"taxonomy":"post_tag","embeddable":true,"href":"https:\/\/migracao.redenoticia.com.br\/noticia\/wp-json\/wp\/v2\/tags?post=83648"}],"curies":[{"name":"wp","href":"https:\/\/api.w.org\/{rel}","templated":true}]}}