{"id":83682,"date":"2016-04-04T14:44:15","date_gmt":"2016-04-04T17:44:15","guid":{"rendered":"http:\/\/www.redenoticia.com.br\/noticia\/?p=83682"},"modified":"2016-04-05T19:42:05","modified_gmt":"2016-04-05T22:42:05","slug":"novela-cuidado-com-o-anjo-resumo-0504-joao-miguel-interrompe-a-viagem","status":"publish","type":"post","link":"https:\/\/migracao.redenoticia.com.br\/noticia\/2016\/novela-cuidado-com-o-anjo-resumo-0504-joao-miguel-interrompe-a-viagem\/83682","title":{"rendered":"Novela \u201cCuidado com o Anjo\u201d resumo 05\/04: Jo\u00e3o Miguel interrompe a viagem"},"content":{"rendered":"<p> <img loading=\"lazy\" decoding=\"async\" src=\"https:\/\/migracao.redenoticia.com.br\/noticia\/imagens\/cuidado-com-o-anjo-novela-resumo-capitulo-sbt-episodio-150x112.jpg\" alt=\"cuidado com o anjo novela resumo capitulo sbt episodio\" width=\"150\" height=\"112\" class=\"alignleft size-thumbnail wp-image-82049\" srcset=\"https:\/\/migracao.redenoticia.com.br\/noticia\/imagens\/cuidado-com-o-anjo-novela-resumo-capitulo-sbt-episodio-150x112.jpg 150w, https:\/\/migracao.redenoticia.com.br\/noticia\/imagens\/cuidado-com-o-anjo-novela-resumo-capitulo-sbt-episodio-265x198.jpg 265w\" sizes=\"auto, (max-width: 150px) 100vw, 150px\" \/><strong><em>Novela \u201cCuidado com o Anjo\u201d resumo 05\/04<\/em><\/strong>: Jo\u00e3o Miguel submete Estef\u00e2nia a testes psiqui\u00e1tricos, conclui que ela realmente perdeu a raz\u00e3o e viaja. Of\u00e9lia leva Tininha para visitar o irm\u00e3ozinho e descobre que Mal\u00fa continua cega. Preocupada com a situa\u00e7\u00e3o, Of\u00e9lia pergunta por que Mal\u00fa mentiu para Jo\u00e3o Miguel. Mal\u00fa implora para que ela n\u00e3o conte a verdade para ele e diz que mentiu porque n\u00e3o quer que ele fique ao seu lado por pena. Of\u00e9lia diz que Jo\u00e3o Miguel a ama, mas est\u00e1 convencido que ela j\u00e1 n\u00e3o sente nada por ele. Jo\u00e3o Miguel telefona para casa e Of\u00e9lia conta que Mal\u00fa continua cega. Ele interrompe a viagem e volta para casa.<\/p>\n<p>No capitulo 092 (*), novela \u201cCuidado com o Anjo\u201d, ter\u00e7a-feira, 05 de abril \u2013 Mal\u00fa prop\u00f5e a Ana J\u00falia que trabalhe para ela. Jo\u00e3o Miguel diz a Tininha que far\u00e1 uma viagem, mas promete voltar para passar o Natal ao seu lado. Mal\u00fa relembra tudo que viveu com o seu amado e percebe que nunca poder\u00e1 odi\u00e1-lo, pois n\u00e3o deixou de am\u00e1-lo. Estef\u00e2nia \u00e9 informada que ser\u00e1 submetida a um exame psiqui\u00e1trico com o Dr. Jo\u00e3o Miguel. Os m\u00e9dicos est\u00e3o impressionados com a resist\u00eancia de Amador e afirmar que se ele sobreviver levar\u00e1 uma vida vegetativa. <\/p>\n<p>Candel\u00e1ria se ofende quando Mal\u00fa conta que Ana J\u00falia ser\u00e1 sua assistente. Leopardo volta para a fazenda e apresenta Branca como sua esposa. Depois de submeter Estef\u00e2nia a testes psiqui\u00e1tricos, Jo\u00e3o Miguel conclui que ela realmente perdeu a raz\u00e3o e n\u00e3o poder\u00e1 ir ao julgamento. Ana J\u00falia come\u00e7a a trabalhar com Mal\u00fa com aprova\u00e7\u00e3o de Cec\u00edlia. Estef\u00e2nia \u00e9 transferida para uma cl\u00ednica psiqui\u00e1trica enquanto Jo\u00e3o Miguel embarca para Vancouver. Of\u00e9lia leva Tininha para visitar o irm\u00e3ozinho e descobre que Mal\u00fa continua cega. Of\u00e9lia descobre que Mal\u00fa n\u00e3o recuperou a vis\u00e3o e pergunta a ela o motivo de ter mentido para Jo\u00e3o Miguel. Patr\u00edcio e Cec\u00edlia comentam o triste destino de Estef\u00e2nia enquanto Isabela a culpa por sua condena\u00e7\u00e3o e s\u00f3 pensa em se vingar dela. Mal\u00fa implora a Of\u00e9lia que n\u00e3o conte a verdade para Jo\u00e3o Miguel e diz que mentiu, pois quer que ele fique ao seu lado por pena. Of\u00e9lia pede perd\u00e3o a Mal\u00fa por tudo que fez contra ela no passado. <\/p>\n<p>Mal\u00fa perdoa Of\u00e9lia e diz que j\u00e1 sente carinho por ela. Durante o voo, Jo\u00e3o Miguel pensa com tristeza em Mal\u00fa e se despede dela para sempre. Of\u00e9lia diz a Mal\u00fa que Jo\u00e3o Miguel a ama, mas est\u00e1 convencido que ela j\u00e1 n\u00e3o sente nada por ele. Ana J\u00falia tenta convencer Mal\u00fa que Jo\u00e3o Miguel foi embora por que nem ela, nem seu filho lhe interessam. Israel visita Mal\u00fa e pede a ela permiss\u00e3o para examin\u00e1-la. Jo\u00e3o Miguel telefona para casa e Of\u00e9lia conta que Mal\u00fa continua cega. Israel examina Mal\u00fa e diz que talvez precise ser operada. Ao sabe que Mal\u00fa precisa dele, Jo\u00e3o Miguel interrompe imediatamente a viagem e volta para casa. Mal\u00fa se emociona com a possibilidade de poder voltar a ver seu filho. <\/p>\n<p>(*) edi\u00e7\u00e3o do SBT, Novela \u201cCuidado com o Anjo\u201d, sujeito a altera\u00e7\u00e3o de data e conte\u00fado.<\/p>\n","protected":false},"excerpt":{"rendered":"<p>Novela \u201cCuidado com o Anjo\u201d resumo 05\/04: Jo\u00e3o Miguel submete Estef\u00e2nia a testes psiqui\u00e1tricos, conclui que ela realmente perdeu a raz\u00e3o e viaja. Of\u00e9lia leva Tininha para visitar o irm\u00e3ozinho e descobre que Mal\u00fa continua cega. Preocupada com a situa\u00e7\u00e3o, Of\u00e9lia pergunta por que Mal\u00fa mentiu para Jo\u00e3o Miguel. Mal\u00fa implora para que ela n\u00e3o [&hellip;]<\/p>\n","protected":false},"author":2,"featured_media":82049,"comment_status":"open","ping_status":"closed","sticky":false,"template":"","format":"standard","meta":{"tdm_status":"","tdm_grid_status":"","footnotes":""},"categories":[379,372,343],"tags":[441],"class_list":{"0":"post-83682","1":"post","2":"type-post","3":"status-publish","4":"format-standard","5":"has-post-thumbnail","7":"category-novelas","8":"category-sbt","9":"category-televisao","10":"tag-resumo-do-dia"},"_links":{"self":[{"href":"https:\/\/migracao.redenoticia.com.br\/noticia\/wp-json\/wp\/v2\/posts\/83682","targetHints":{"allow":["GET"]}}],"collection":[{"href":"https:\/\/migracao.redenoticia.com.br\/noticia\/wp-json\/wp\/v2\/posts"}],"about":[{"href":"https:\/\/migracao.redenoticia.com.br\/noticia\/wp-json\/wp\/v2\/types\/post"}],"author":[{"embeddable":true,"href":"https:\/\/migracao.redenoticia.com.br\/noticia\/wp-json\/wp\/v2\/users\/2"}],"replies":[{"embeddable":true,"href":"https:\/\/migracao.redenoticia.com.br\/noticia\/wp-json\/wp\/v2\/comments?post=83682"}],"version-history":[{"count":0,"href":"https:\/\/migracao.redenoticia.com.br\/noticia\/wp-json\/wp\/v2\/posts\/83682\/revisions"}],"wp:featuredmedia":[{"embeddable":true,"href":"https:\/\/migracao.redenoticia.com.br\/noticia\/wp-json\/wp\/v2\/media\/82049"}],"wp:attachment":[{"href":"https:\/\/migracao.redenoticia.com.br\/noticia\/wp-json\/wp\/v2\/media?parent=83682"}],"wp:term":[{"taxonomy":"category","embeddable":true,"href":"https:\/\/migracao.redenoticia.com.br\/noticia\/wp-json\/wp\/v2\/categories?post=83682"},{"taxonomy":"post_tag","embeddable":true,"href":"https:\/\/migracao.redenoticia.com.br\/noticia\/wp-json\/wp\/v2\/tags?post=83682"}],"curies":[{"name":"wp","href":"https:\/\/api.w.org\/{rel}","templated":true}]}}