{"id":83684,"date":"2016-04-04T14:54:48","date_gmt":"2016-04-04T17:54:48","guid":{"rendered":"http:\/\/www.redenoticia.com.br\/noticia\/?p=83684"},"modified":"2016-04-05T19:42:05","modified_gmt":"2016-04-05T22:42:05","slug":"novela-abismo-da-paixao-resumo-0504-augusto-nao-sabe-o-que-falar-com-elisa","status":"publish","type":"post","link":"https:\/\/migracao.redenoticia.com.br\/noticia\/2016\/novela-abismo-da-paixao-resumo-0504-augusto-nao-sabe-o-que-falar-com-elisa\/83684","title":{"rendered":"Novela \u201cAbismo da Paix\u00e3o\u201d resumo 05\/04: Augusto n\u00e3o sabe o que falar com Elisa"},"content":{"rendered":"<p> <img loading=\"lazy\" decoding=\"async\" class=\"alignleft size-thumbnail wp-image-81978\" src=\"https:\/\/migracao.redenoticia.com.br\/noticia\/imagens\/abismo_de_paixao_sbt_resumo_novela-150x112.jpg\" alt=\"abismo_de_paixao_sbt_resumo_novela\" width=\"150\" height=\"112\" srcset=\"https:\/\/migracao.redenoticia.com.br\/noticia\/imagens\/abismo_de_paixao_sbt_resumo_novela-150x112.jpg 150w, https:\/\/migracao.redenoticia.com.br\/noticia\/imagens\/abismo_de_paixao_sbt_resumo_novela-265x198.jpg 265w\" sizes=\"auto, (max-width: 150px) 100vw, 150px\" \/><strong><em>Novela \u201cAbismo da Paix\u00e3o\u201d resumo 05\/04<\/em><\/strong>: desesperado, Augusto chora pela morte de Estef\u00e2nia. Carmem aproveita a fragilidade de Augusto para denegrir a imagem da irm\u00e3. Augusto n\u00e3o aguenta tanta press\u00e3o e se tranca no quarto. Lucio fala com ele e diz que entende a dor que sente, mas que ele n\u00e3o pode ficar trancado, pois Elisa necessita dele mais que tudo. Augusto diz que n\u00e3o sabe o que falar com a filha. Como explicar que a m\u00e3e os traiu e os abandonou para fugir com outro homem. Lucio responde que deve haver alguma outra explica\u00e7\u00e3o para o que ocorreu, pois Estef\u00e2nia nunca escondeu o grande amor que tinha por ele.<\/p>\n<p>No cap\u00edtulo 007 (*), novela \u201cAbismo da Paix\u00e3o\u201d, ter\u00e7a-feira, 05 de abril \u2013 Augusto chora e diz para Carmen que \u00e9 um covarde, pois n\u00e3o tem nem a coragem de acabar de uma vez por todas com todo seu sofrimento. Augusto chora e diz que Estef\u00e2nia era tudo para ele, mas que ela n\u00e3o pensou em ningu\u00e9m ao tra\u00ed-lo com seu melhor amigo. O homem grita e diz que n\u00e3o poder\u00e1 viver sem ela. Carmen diz a Augusto que sua vida vale muito e ela o ajudar\u00e1 a esquecer Estef\u00e2nia. Carmen diz que far\u00e3o o vel\u00f3rio de Estef\u00e2nia em sua casa, mas Augusto a diz que n\u00e3o quer mais ver Estef\u00e2nia ali. Branca se zanga porque Carmen diz para dois oficiais que levem o corpo de Estef\u00e2nia direto para o cemit\u00e9rio, sem que ao menos seja a ofertada uma missa de corpo presente. Branca enfrenta Carmen e a diz que nem ela e muito menos Augusto est\u00e3o em condi\u00e7\u00f5es de decidir nada. Lucio diz ao Padre Guadalupe que \u00e9 il\u00f3gico que a casa de Augusto esteja cheia de gente, enquanto na igreja s\u00f3 est\u00e3o presentes poucas pessoas. <\/p>\n<p>Almerinda grita com Dami\u00e3o, dizendo que jamais permitir\u00e1 que ele volte a se aproximar da filha da assassina de seu pai, o Padre Guadalupe pede que ela se cale e que tudo que ocorreu foi um acidente. Lucio diz a Augusto que entende sua dor, mas que ele n\u00e3o pode ficar trancado, pois Elisa o necessita mais que tudo. Augusto responde que n\u00e3o pode sequer v\u00ea-la, pois se o fizer vai dizer que sua m\u00e3e os traiu e os abandonou para fugir com outro homem, Lucio responde que ele n\u00e3o deve fazer isso, pois certamente existe alguma outra explica\u00e7\u00e3o para o que ocorreu, pois Estef\u00e2nia nunca escondeu o grande amor que tinha por ele. Lucio diz a Carmen que, curiosamente, ela iria viajar no mesmo momento em que ocorreu o acidente entre Estef\u00e2nia e Rog\u00e9rio e afirma que n\u00e3o acredita que ela n\u00e3o tenha nenhum tipo de rela\u00e7\u00e3o com o ocorrido. Ramiro diz a Carmen que para ela foi muito conveniente que sua irm\u00e3 estivesse no carro de Rog\u00e9rio, mas que quando o povoado descobrir que era para ela estar l\u00e1, certamente vai pagar muito caro por esse engano, pois o correto e nobre seria limpar o nome de Estef\u00e2nia. <\/p>\n<p>Ramona diz ao Padre Guadalupe que Estef\u00e2nia n\u00e3o estava fugindo com Rog\u00e9rio, como todos pensam, e que depois do acidente, se aproximou do carro e Estef\u00e2nia conseguiu sussurrar: \u201cTinha que impedi-los\u201d. Bet\u00e2nia insinua para Almerinda que Augusto, cego de ci\u00fames, pode ter sido quem provocou o acidente que vitimou seu esposo. O Doutor Edmundo diz a Carmen que ela est\u00e1 gr\u00e1vida e ela o pede que guarde segredo. Augusto diz para Carmen que ela fez bem em cuidar do enterro de Estef\u00e2nia, mas entre eles n\u00e3o mudar\u00e1 e que ela j\u00e1 pode ir embora de sua casa. Carmen se ficar poderia lhe dar filhos, j\u00e1 que certamente com a \u201csafadeza\u201d de Estef\u00e2nia, Elisa nem deve ser sua filha. Augusto, fora de si, diz que n\u00e3o quer mais ver Carmen em sua casa. Almerinda diz a Dami\u00e3o que n\u00e3o quer que ele brinque com a filha da assassina de seu pai. Dami\u00e3o chora e diz que Elisa n\u00e3o tem culpa de nada e acusa Almerinda. Almerinda o esbofeteia. Dolores e Elisa se surpreendem quando Carmen, muito sorridente, diz que ela e Augusto v\u00e3o ao registro civil, pois ir\u00e3o se casar. O Juiz diz que n\u00e3o \u00e9 comum que um homem se case com a irm\u00e3 de sua falecida esposa. <\/p>\n<p>(*) edi\u00e7\u00e3o do SBT, Novela \u201cAbismo da Paix\u00e3o\u201d, sujeito a altera\u00e7\u00e3o de data e conte\u00fado.<\/p>\n","protected":false},"excerpt":{"rendered":"<p>Novela \u201cAbismo da Paix\u00e3o\u201d resumo 05\/04: desesperado, Augusto chora pela morte de Estef\u00e2nia. Carmem aproveita a fragilidade de Augusto para denegrir a imagem da irm\u00e3. Augusto n\u00e3o aguenta tanta press\u00e3o e se tranca no quarto. Lucio fala com ele e diz que entende a dor que sente, mas que ele n\u00e3o pode ficar trancado, pois [&hellip;]<\/p>\n","protected":false},"author":2,"featured_media":81978,"comment_status":"open","ping_status":"closed","sticky":false,"template":"","format":"standard","meta":{"tdm_status":"","tdm_grid_status":"","footnotes":""},"categories":[379,372,343],"tags":[441],"class_list":{"0":"post-83684","1":"post","2":"type-post","3":"status-publish","4":"format-standard","5":"has-post-thumbnail","7":"category-novelas","8":"category-sbt","9":"category-televisao","10":"tag-resumo-do-dia"},"_links":{"self":[{"href":"https:\/\/migracao.redenoticia.com.br\/noticia\/wp-json\/wp\/v2\/posts\/83684","targetHints":{"allow":["GET"]}}],"collection":[{"href":"https:\/\/migracao.redenoticia.com.br\/noticia\/wp-json\/wp\/v2\/posts"}],"about":[{"href":"https:\/\/migracao.redenoticia.com.br\/noticia\/wp-json\/wp\/v2\/types\/post"}],"author":[{"embeddable":true,"href":"https:\/\/migracao.redenoticia.com.br\/noticia\/wp-json\/wp\/v2\/users\/2"}],"replies":[{"embeddable":true,"href":"https:\/\/migracao.redenoticia.com.br\/noticia\/wp-json\/wp\/v2\/comments?post=83684"}],"version-history":[{"count":0,"href":"https:\/\/migracao.redenoticia.com.br\/noticia\/wp-json\/wp\/v2\/posts\/83684\/revisions"}],"wp:featuredmedia":[{"embeddable":true,"href":"https:\/\/migracao.redenoticia.com.br\/noticia\/wp-json\/wp\/v2\/media\/81978"}],"wp:attachment":[{"href":"https:\/\/migracao.redenoticia.com.br\/noticia\/wp-json\/wp\/v2\/media?parent=83684"}],"wp:term":[{"taxonomy":"category","embeddable":true,"href":"https:\/\/migracao.redenoticia.com.br\/noticia\/wp-json\/wp\/v2\/categories?post=83684"},{"taxonomy":"post_tag","embeddable":true,"href":"https:\/\/migracao.redenoticia.com.br\/noticia\/wp-json\/wp\/v2\/tags?post=83684"}],"curies":[{"name":"wp","href":"https:\/\/api.w.org\/{rel}","templated":true}]}}