{"id":83686,"date":"2016-04-04T14:58:41","date_gmt":"2016-04-04T17:58:41","guid":{"rendered":"http:\/\/www.redenoticia.com.br\/noticia\/?p=83686"},"modified":"2016-04-05T19:42:05","modified_gmt":"2016-04-05T22:42:05","slug":"novela-meu-coracao-e-teu-resumo-0504-isabela-da-tapa-em-ana","status":"publish","type":"post","link":"https:\/\/migracao.redenoticia.com.br\/noticia\/2016\/novela-meu-coracao-e-teu-resumo-0504-isabela-da-tapa-em-ana\/83686","title":{"rendered":"Novela \u201cMeu Cora\u00e7\u00e3o \u00e9 Teu\u201d resumo 05\/04: Isabela d\u00e1 tapa em Ana"},"content":{"rendered":"<p> <img loading=\"lazy\" decoding=\"async\" src=\"https:\/\/migracao.redenoticia.com.br\/noticia\/imagens\/meu_coracao_e_teu_novela_resumo_sbt-150x112.jpg\" alt=\"meu_coracao_e_teu_novela_resumo_sbt\" width=\"150\" height=\"112\" class=\"alignleft size-thumbnail wp-image-82119\" srcset=\"https:\/\/migracao.redenoticia.com.br\/noticia\/imagens\/meu_coracao_e_teu_novela_resumo_sbt-150x112.jpg 150w, https:\/\/migracao.redenoticia.com.br\/noticia\/imagens\/meu_coracao_e_teu_novela_resumo_sbt-265x198.jpg 265w\" sizes=\"auto, (max-width: 150px) 100vw, 150px\" \/><strong><em>Novela \u201cMeu Cora\u00e7\u00e3o \u00e9 Teu\u201d resumo 05\/04<\/em><\/strong>: antes de sair para o seu casamento com Isabela, Fernando procura Ana em seu quarto para conversar sobre os sentimentos que os unem. Ana fala sobre a ilus\u00e3o que ela tinha, em acreditar que era correspondida por ele. Fernando garante que n\u00e3o foi uma ilus\u00e3o, e que a ama de verdade. Enquanto isso, Isabela liga para Fernando. Luz atende e diz que o pai est\u00e1 conversando com Ana, trancados no quarto. Isabela esquece o casamento e vai correndo at\u00e9 a mans\u00e3o. Quando ela chega, Fernando j\u00e1 est\u00e1 na igreja. Isabela reclama com Ana por ela ter se trancado com Fernando no quarto e a esbofeteia. Ana diz que eles apenas estavam se despedindo, pois o amor entre eles n\u00e3o se pode esconder.<\/p>\n<p>No cap\u00edtulo 027 (*), novela \u201cMeu Cora\u00e7\u00e3o \u00e9 Teu\u201d, ter\u00e7a-feira, 05 de abril \u2013 Ana e Fernando est\u00e3o falando no quarto sobre a ilus\u00e3o que ela tinha, em acreditar que era correspondida por Fernando. Ele a garante que n\u00e3o foi uma ilus\u00e3o, mas que a ama de verdade. Guille, Alex e Luz pensam em tranc\u00e1-los no quarto. Isabela tem um mal pressentimento e liga para Fernando. Luz atende e diz que ele est\u00e1 conversando com Ana, trancados no quarto. Furiosa, Isabela vai correndo a mans\u00e3o Lascurain. <\/p>\n<p>Tamara diz a Leon que sentiu sua falta. Ele responde que se isso fosse verdade, ela jamais teria desaparecido com seu filho. Tamara diz que se arrepende muito do que fez. Fernando est\u00e1 na igreja preocupado por que Isabela n\u00e3o chega, e os convidados j\u00e1 parecem incomodados. Isabela reclama com Ana por ela ter se trancado com Fernando no quarto e a esbofeteia. <\/p>\n<p>Ana a diz que eles apenas estavam se despedindo, pois o amor entre eles n\u00e3o se pode esconder. Isabela diz a Ana que ser\u00e1 ela quem se casar\u00e1 com Fernando, e depois de casada far\u00e1 de tudo para destrui-la. Fanny diz a Leon que ele parece estranho, mas continua negando qualquer problema. Ao chegar na igreja, Isabela reclama com Fernando por ele ter ficado trancado com Ana.  <\/p>\n<p>(*) edi\u00e7\u00e3o do SBT, Novela \u201cMeu Cora\u00e7\u00e3o \u00e9 Teu\u201d, sujeito a altera\u00e7\u00e3o de data e conte\u00fado.<\/p>\n","protected":false},"excerpt":{"rendered":"<p>Novela \u201cMeu Cora\u00e7\u00e3o \u00e9 Teu\u201d resumo 05\/04: antes de sair para o seu casamento com Isabela, Fernando procura Ana em seu quarto para conversar sobre os sentimentos que os unem. Ana fala sobre a ilus\u00e3o que ela tinha, em acreditar que era correspondida por ele. Fernando garante que n\u00e3o foi uma ilus\u00e3o, e que a [&hellip;]<\/p>\n","protected":false},"author":2,"featured_media":82119,"comment_status":"open","ping_status":"closed","sticky":false,"template":"","format":"standard","meta":{"tdm_status":"","tdm_grid_status":"","footnotes":""},"categories":[379,372,343],"tags":[441],"class_list":{"0":"post-83686","1":"post","2":"type-post","3":"status-publish","4":"format-standard","5":"has-post-thumbnail","7":"category-novelas","8":"category-sbt","9":"category-televisao","10":"tag-resumo-do-dia"},"_links":{"self":[{"href":"https:\/\/migracao.redenoticia.com.br\/noticia\/wp-json\/wp\/v2\/posts\/83686","targetHints":{"allow":["GET"]}}],"collection":[{"href":"https:\/\/migracao.redenoticia.com.br\/noticia\/wp-json\/wp\/v2\/posts"}],"about":[{"href":"https:\/\/migracao.redenoticia.com.br\/noticia\/wp-json\/wp\/v2\/types\/post"}],"author":[{"embeddable":true,"href":"https:\/\/migracao.redenoticia.com.br\/noticia\/wp-json\/wp\/v2\/users\/2"}],"replies":[{"embeddable":true,"href":"https:\/\/migracao.redenoticia.com.br\/noticia\/wp-json\/wp\/v2\/comments?post=83686"}],"version-history":[{"count":0,"href":"https:\/\/migracao.redenoticia.com.br\/noticia\/wp-json\/wp\/v2\/posts\/83686\/revisions"}],"wp:featuredmedia":[{"embeddable":true,"href":"https:\/\/migracao.redenoticia.com.br\/noticia\/wp-json\/wp\/v2\/media\/82119"}],"wp:attachment":[{"href":"https:\/\/migracao.redenoticia.com.br\/noticia\/wp-json\/wp\/v2\/media?parent=83686"}],"wp:term":[{"taxonomy":"category","embeddable":true,"href":"https:\/\/migracao.redenoticia.com.br\/noticia\/wp-json\/wp\/v2\/categories?post=83686"},{"taxonomy":"post_tag","embeddable":true,"href":"https:\/\/migracao.redenoticia.com.br\/noticia\/wp-json\/wp\/v2\/tags?post=83686"}],"curies":[{"name":"wp","href":"https:\/\/api.w.org\/{rel}","templated":true}]}}