{"id":83704,"date":"2016-04-04T16:03:39","date_gmt":"2016-04-04T19:03:39","guid":{"rendered":"http:\/\/www.redenoticia.com.br\/noticia\/?p=83704"},"modified":"2016-04-05T19:42:04","modified_gmt":"2016-04-05T22:42:04","slug":"novela-totalmente-demais-resumo-0504-fabinho-ve-sofia-e-avisa-lili","status":"publish","type":"post","link":"https:\/\/migracao.redenoticia.com.br\/noticia\/2016\/novela-totalmente-demais-resumo-0504-fabinho-ve-sofia-e-avisa-lili\/83704","title":{"rendered":"Novela \u201cTotalmente Demais\u201d resumo 05\/04: Fabinho v\u00ea Sofia e avisa Lili"},"content":{"rendered":"<p> <strong><em><img loading=\"lazy\" decoding=\"async\" class=\"alignleft size-thumbnail wp-image-76581\" src=\"https:\/\/migracao.redenoticia.com.br\/noticia\/imagens\/totalmente_demais_novela_resumo_globo-150x112.jpg\" alt=\"totalmente_demais_novela_resumo_globo\" width=\"150\" height=\"112\" srcset=\"https:\/\/migracao.redenoticia.com.br\/noticia\/imagens\/totalmente_demais_novela_resumo_globo-150x112.jpg 150w, https:\/\/migracao.redenoticia.com.br\/noticia\/imagens\/totalmente_demais_novela_resumo_globo-265x198.jpg 265w\" sizes=\"auto, (max-width: 150px) 100vw, 150px\" \/>Novela \u201cTotalmente Demais\u201d resumo 05\/04<\/em><\/strong>: Fabinho ouve a m\u00e3e falar que Sofia est\u00e1 viva e a aconselha a esquecer da hist\u00f3ria. Logo depois, ele leva Cassandra em casa, manobra o carro e v\u00ea Sofia observando o pr\u00e9dio de Rafael. Ao chegar em casa, o rapaz conta para Lili que tamb\u00e9m viu a irm\u00e3. Lili procura Rafael e sugere que eles deem uma volta pelo bairro, enquanto Fabinho, escondido, espera Sofia aparecer. Eles colocam o plano em pr\u00e1tica, Sofia percebe e foge de t\u00e1xi. <\/p>\n<p>No capitulo 128 (*), novela \u201cTotalmente Demais\u201d, ter\u00e7a-feira, 05 de abril \u2013 Max decide contar a verdade a seus pais, que pedem perd\u00e3o ao filho. <\/p>\n<p>Ivo conta a Lili que havia uma garota no carro, no momento do acidente de Sofia. Charles pede D\u00e9bora em namoro. <\/p>\n<p>Carolina se surpreende ao descobrir que o Flor do L\u00e1cio \u00e9 de Eliza. Fabinho v\u00ea uma mo\u00e7a parecida com Sofia observando o pr\u00e9dio de Rafael.<\/p>\n<p>(*) edi\u00e7\u00e3o da Rede Globo, Novela \u201cTotalmente Demais\u201d, sujeito a altera\u00e7\u00e3o de data e conte\u00fado.<\/p>\n","protected":false},"excerpt":{"rendered":"<p>Novela \u201cTotalmente Demais\u201d resumo 05\/04: Fabinho ouve a m\u00e3e falar que Sofia est\u00e1 viva e a aconselha a esquecer da hist\u00f3ria. Logo depois, ele leva Cassandra em casa, manobra o carro e v\u00ea Sofia observando o pr\u00e9dio de Rafael. Ao chegar em casa, o rapaz conta para Lili que tamb\u00e9m viu a irm\u00e3. Lili procura [&hellip;]<\/p>\n","protected":false},"author":2,"featured_media":76581,"comment_status":"open","ping_status":"closed","sticky":false,"template":"","format":"standard","meta":{"tdm_status":"","tdm_grid_status":"","footnotes":""},"categories":[379,375,343],"tags":[441],"class_list":{"0":"post-83704","1":"post","2":"type-post","3":"status-publish","4":"format-standard","5":"has-post-thumbnail","7":"category-novelas","8":"category-rede-globo","9":"category-televisao","10":"tag-resumo-do-dia"},"_links":{"self":[{"href":"https:\/\/migracao.redenoticia.com.br\/noticia\/wp-json\/wp\/v2\/posts\/83704","targetHints":{"allow":["GET"]}}],"collection":[{"href":"https:\/\/migracao.redenoticia.com.br\/noticia\/wp-json\/wp\/v2\/posts"}],"about":[{"href":"https:\/\/migracao.redenoticia.com.br\/noticia\/wp-json\/wp\/v2\/types\/post"}],"author":[{"embeddable":true,"href":"https:\/\/migracao.redenoticia.com.br\/noticia\/wp-json\/wp\/v2\/users\/2"}],"replies":[{"embeddable":true,"href":"https:\/\/migracao.redenoticia.com.br\/noticia\/wp-json\/wp\/v2\/comments?post=83704"}],"version-history":[{"count":0,"href":"https:\/\/migracao.redenoticia.com.br\/noticia\/wp-json\/wp\/v2\/posts\/83704\/revisions"}],"wp:featuredmedia":[{"embeddable":true,"href":"https:\/\/migracao.redenoticia.com.br\/noticia\/wp-json\/wp\/v2\/media\/76581"}],"wp:attachment":[{"href":"https:\/\/migracao.redenoticia.com.br\/noticia\/wp-json\/wp\/v2\/media?parent=83704"}],"wp:term":[{"taxonomy":"category","embeddable":true,"href":"https:\/\/migracao.redenoticia.com.br\/noticia\/wp-json\/wp\/v2\/categories?post=83704"},{"taxonomy":"post_tag","embeddable":true,"href":"https:\/\/migracao.redenoticia.com.br\/noticia\/wp-json\/wp\/v2\/tags?post=83704"}],"curies":[{"name":"wp","href":"https:\/\/api.w.org\/{rel}","templated":true}]}}